{"id":30334,"date":"2009-12-21T15:33:17","date_gmt":"2009-12-21T14:33:17","guid":{"rendered":"https:\/\/mediarun.com\/index.php\/news-posts\/rmf-fm-koleduje-z-maryla-i-stingiem\/"},"modified":"2009-12-21T15:33:17","modified_gmt":"2009-12-21T14:33:17","slug":"rmf-fm-koleduje-z-maryla-i-stingiem","status":"publish","type":"post","link":"https:\/\/mediarun.com\/pl\/media\/radio\/rmf-fm-koleduje-z-maryla-i-stingiem.html","title":{"rendered":"RMF FM kol\u0119duje z Maryl\u0105 i Stingiem"},"content":{"rendered":"<p>W Wigili\u0119, po porannym &#8222;Wstawaj Szkoda Dnia&#8221;, prowadzonym przez Witolda Lazara i Przemys\u0142awa Skowrona (w godz. 6.00 &#8211; 10.00), Krzysztof Urbaniak w towarzystwie \u015awietnego Miko\u0142aja (od 10.00) umili \u015bwi\u0105teczne przygotowania, przekazuj\u0105c liczne prezenty oraz zagl\u0105daj\u0105c do Kresowiak&oacute;w, kt&oacute;rzy Mi\u0119dzy Bugiem a prawd\u0105 b\u0119d\u0105 tak\u017ce tu\u017c przed Wigili\u0105.<\/p>\n<p>Tu\u017c po 13.00 na antenie rozpocznie si\u0119 Wigilia z dziennikarzami RMF FM, kt&oacute;rej gospodarzem b\u0119dzie Daniel Dyk. W tym programie wszyscy prowadz\u0105cy b\u0119d\u0105 ubiera\u0107 choink\u0119 i snu\u0107 opowie\u015bci wigilijne.<\/p>\n<p>Po uroczystej Wigilii, od 17.00, RMF FM nada tradycyjny, czterogodzinny &#8222;Koncert Najpi\u0119kniejszych Kol\u0119d&#8221;.<\/p>\n<p>Po 21.00 Piotr Jaworski wybiera\u0107 si\u0119 b\u0119dzie na pasterk\u0119, ogl\u0105da\u0107 bo\u017conarodzeniowe szopki i wciela\u0107 si\u0119 w rol\u0119 niespodziewanego go\u015bcia przy wigilijnym stole.<\/p>\n<p>W pierwszy dzie\u0144 \u015awi\u0105t, ju\u017c od 7.00 rano, Przemys\u0142aw Skowron poprowadzi specjalny poranek kol\u0119dowy, a po 10.00 Krzysztof Urbaniak przedstawi &#8222;\u015awi\u0105teczny Alfabet Rzeczy Zwyk\u0142ych&#8221; oraz fina\u0142 &#8222;Choinki dobrych \u017cycze\u0144&#8221; od s\u0142uchaczy i gwiazd.<\/p>\n<p>Po 18.00 Robert Konatowicz przyjrzy si\u0119 r&oacute;\u017cnym obrazom Madonny z dzieci\u0105tkiem, a od 22.00 S\u0142awomir Kowalewski zajmie si\u0119 \u015awi\u0119tami daleko od domu oraz \u015bwi\u0105teczn\u0105 literatur\u0105.<\/p>\n<p>W drugi dzie\u0144 \u015awi\u0105t (w godz. 7.00 &#8211; 10.00) Witold Lazar wys\u0142ucha \u015bwi\u0105tecznych anegdot ratownik&oacute;w TOPRu. Mi\u0119dzy 10.00 a 15.00 Daniel Dyk sprawdza\u0107 b\u0119dzie, co zwiastuj\u0105 gwiazdy na niebie i jak mo\u017cna to interpretowa\u0107.<\/p>\n<p>Natomiast Marcin J\u0119drych (18.00 &#8211; 22.00) przyjmie go\u015bcia specjalnego &#8211; Stinga, kt&oacute;ry opowie o swoim dzieci\u0144stwie, zwi\u0105zkach z Bachem i \u017cyciu we W\u0142oszech.<\/p>\n","protected":false},"excerpt":{"rendered":"RMF FM wprowadza nowe programy do \u015bwi\u0105tecznej ram&oacute;wki.","protected":false},"author":1,"featured_media":30335,"comment_status":"open","ping_status":"closed","sticky":false,"template":"","format":"standard","meta":{"csco_display_header_overlay":false,"csco_singular_sidebar":"","csco_page_header_type":"","csco_page_load_nextpost":"","csco_post_video_location":[],"csco_post_video_location_hash":"","csco_post_video_url":"","csco_post_video_bg_start_time":0,"csco_post_video_bg_end_time":0,"footnotes":""},"categories":[9672],"tags":[298],"class_list":{"0":"post-30334","1":"post","2":"type-post","3":"status-publish","4":"format-standard","5":"has-post-thumbnail","7":"category-radio","8":"tag-rmf-fm","9":"cs-entry","10":"cs-video-wrap"},"_links":{"self":[{"href":"https:\/\/mediarun.com\/pl\/wp-json\/wp\/v2\/posts\/30334","targetHints":{"allow":["GET"]}}],"collection":[{"href":"https:\/\/mediarun.com\/pl\/wp-json\/wp\/v2\/posts"}],"about":[{"href":"https:\/\/mediarun.com\/pl\/wp-json\/wp\/v2\/types\/post"}],"author":[{"embeddable":true,"href":"https:\/\/mediarun.com\/pl\/wp-json\/wp\/v2\/users\/1"}],"replies":[{"embeddable":true,"href":"https:\/\/mediarun.com\/pl\/wp-json\/wp\/v2\/comments?post=30334"}],"version-history":[{"count":0,"href":"https:\/\/mediarun.com\/pl\/wp-json\/wp\/v2\/posts\/30334\/revisions"}],"wp:featuredmedia":[{"embeddable":true,"href":"https:\/\/mediarun.com\/pl\/wp-json\/wp\/v2\/media\/30335"}],"wp:attachment":[{"href":"https:\/\/mediarun.com\/pl\/wp-json\/wp\/v2\/media?parent=30334"}],"wp:term":[{"taxonomy":"category","embeddable":true,"href":"https:\/\/mediarun.com\/pl\/wp-json\/wp\/v2\/categories?post=30334"},{"taxonomy":"post_tag","embeddable":true,"href":"https:\/\/mediarun.com\/pl\/wp-json\/wp\/v2\/tags?post=30334"}],"curies":[{"name":"wp","href":"https:\/\/api.w.org\/{rel}","templated":true}]}}