{"id":30244,"date":"2009-12-28T11:47:51","date_gmt":"2009-12-28T10:47:51","guid":{"rendered":"https:\/\/mediarun.com\/index.php\/news-posts\/reklamy-w-trojce-beda-drozsze\/"},"modified":"2009-12-28T11:47:51","modified_gmt":"2009-12-28T10:47:51","slug":"reklamy-w-trojce-beda-drozsze","status":"publish","type":"post","link":"https:\/\/mediarun.com\/pl\/media\/radio\/reklamy-w-trojce-beda-drozsze.html","title":{"rendered":"Reklamy w Tr\u00f3jce b\u0119d\u0105 dro\u017csze"},"content":{"rendered":"<p>Oznacza to, \u017ce w przypadku  zakupu  emisji reklam w Tr&oacute;jce ceny w dni robocze zosta\u0142y podwy\u017cszone \u015brednio o 14 proc., natomiast w weekendy \u015brednio o 20 proc. (w godz. 6.00-20.00).<\/p>\n<p>&#8211; Podniesienie cen reklam w Tr&oacute;jce do cen pakietu EuroTr&oacute;jka jest podwy\u017ck\u0105 techniczn\u0105 maj\u0105c\u0105 na celu aktywizacj\u0119 sprzeda\u017cy czasu antenowego Tr&oacute;jki w pakiecie &#8211; poinformowa\u0142a El\u017cbieta Szyma\u0144ska, szef dzia\u0142u wsparcia sprzeda\u017cy Polskiego Radia.<\/p>\n<p>Kupuj\u0105c emisje reklam jednocze\u015bnie w Tr&oacute;jce i Radiu Euro gwarantowany jest dodatkowy rabat specjalny 10 proc. Uwzgl\u0119dniaj\u0105c ten rabat, \u015brednia cena reklamy w dw&oacute;ch og&oacute;lnopolskich stacjach jest dro\u017csza o 2,9 proc. w dni robocze (pasmo 6.00-20.00) od ceny w samej Tr&oacute;jce przed podwy\u017ck\u0105. W tym przypadku \u015brednie koszty dotarcia (CPP) w pakiecie s\u0105 ni\u017csze od koszt&oacute;w dotarcia w Tr&oacute;jce przed podwy\u017ck\u0105 cen.<\/p>\n","protected":false},"excerpt":{"rendered":"Z dniem 18 stycznia 2010 r. Polskie Radio zmienia ceny reklam w Tr&oacute;jce. Cennik stacji zosta\u0142 zr&oacute;wnany z cennikiem pakietu EuroTr&oacute;jka.","protected":false},"author":1,"featured_media":30245,"comment_status":"open","ping_status":"closed","sticky":false,"template":"","format":"standard","meta":{"csco_display_header_overlay":false,"csco_singular_sidebar":"","csco_page_header_type":"","csco_page_load_nextpost":"","csco_post_video_location":[],"csco_post_video_location_hash":"","csco_post_video_url":"","csco_post_video_bg_start_time":0,"csco_post_video_bg_end_time":0,"footnotes":""},"categories":[9672],"tags":[405],"class_list":{"0":"post-30244","1":"post","2":"type-post","3":"status-publish","4":"format-standard","5":"has-post-thumbnail","7":"category-radio","8":"tag-polskie-radio","9":"cs-entry","10":"cs-video-wrap"},"_links":{"self":[{"href":"https:\/\/mediarun.com\/pl\/wp-json\/wp\/v2\/posts\/30244","targetHints":{"allow":["GET"]}}],"collection":[{"href":"https:\/\/mediarun.com\/pl\/wp-json\/wp\/v2\/posts"}],"about":[{"href":"https:\/\/mediarun.com\/pl\/wp-json\/wp\/v2\/types\/post"}],"author":[{"embeddable":true,"href":"https:\/\/mediarun.com\/pl\/wp-json\/wp\/v2\/users\/1"}],"replies":[{"embeddable":true,"href":"https:\/\/mediarun.com\/pl\/wp-json\/wp\/v2\/comments?post=30244"}],"version-history":[{"count":0,"href":"https:\/\/mediarun.com\/pl\/wp-json\/wp\/v2\/posts\/30244\/revisions"}],"wp:featuredmedia":[{"embeddable":true,"href":"https:\/\/mediarun.com\/pl\/wp-json\/wp\/v2\/media\/30245"}],"wp:attachment":[{"href":"https:\/\/mediarun.com\/pl\/wp-json\/wp\/v2\/media?parent=30244"}],"wp:term":[{"taxonomy":"category","embeddable":true,"href":"https:\/\/mediarun.com\/pl\/wp-json\/wp\/v2\/categories?post=30244"},{"taxonomy":"post_tag","embeddable":true,"href":"https:\/\/mediarun.com\/pl\/wp-json\/wp\/v2\/tags?post=30244"}],"curies":[{"name":"wp","href":"https:\/\/api.w.org\/{rel}","templated":true}]}}