{"id":30234,"date":"2009-12-28T14:48:20","date_gmt":"2009-12-28T13:48:20","guid":{"rendered":"https:\/\/mediarun.com\/index.php\/news-posts\/strefy-euro-z-materna-w-canal\/"},"modified":"2009-12-28T14:48:20","modified_gmt":"2009-12-28T13:48:20","slug":"strefy-euro-z-materna-w-canal","status":"publish","type":"post","link":"https:\/\/mediarun.com\/pl\/media\/tv\/strefy-euro-z-materna-w-canal.html","title":{"rendered":"&#8222;Strefy Euro&#8221; z Matern\u0105 w Canal+"},"content":{"rendered":"<p>Materna b\u0119dzie rozmawia\u0142 z go\u015b\u0107mi o post\u0119pach w przygotowaniach do Euro 2012. Emitowany w ka\u017cdy wtorek o 20.30 program b\u0119dzie w ca\u0142o\u015bci odkodowany.<\/p>\n<p>W &#8222;Strefach Euro&#8221; Krzysztof Materna spr&oacute;buje spojrze\u0107 szerzej na organizacj\u0119 mistrzostw. Oceni czy Polska wykorzystuje mo\u017cliwo\u015bci, jakie niesie za sob\u0105 organizacja tego wydarzenia. B\u0119dzie rozmawia\u0142 z zaproszonymi go\u015b\u0107mi o post\u0119pach w przygotowaniach, ale tak\u017ce o problemach przed zbli\u017caj\u0105cymi si\u0119 fina\u0142ami Euro 2012.<\/p>\n<p>Poruszane tematy b\u0119d\u0105 dotyczy\u0142y zar&oacute;wno budowy stadion&oacute;w, centr&oacute;w pobytowych, autostrad, uruchamiania nowoczesnych rozwi\u0105za\u0144 telekomunikacyjnych, jak i propagowania i u\u015bwiadamiania idei oraz roli wolontariatu w\u015br&oacute;d najm\u0142odszego pokolenia. Gospodarz programu postara si\u0119 r&oacute;wnie\u017c dowiedzie\u0107, jak niezb\u0119dny rozw&oacute;j zostanie spo\u017cytkowany w kolejnych latach.<\/p>\n<p>Go\u015b\u0107mi cotygodniowego programu b\u0119d\u0105 nie tylko ludzie formalnie odpowiadaj\u0105cy za przygotowania do Euro 2012, ale r&oacute;wnie\u017c znani pasjonaci futbolu, publicy\u015bci, przedstawiciele \u015bwiata kultury, biznesu i \u015brodowisk kibic&oacute;w.<\/p>\n","protected":false},"excerpt":{"rendered":"5 stycznia Canal+ Sport rozpocznie emisj\u0119 nowego programu publicystycznego &#8222;Strefy Euro&#8221; z Krzysztofem Matern\u0105 w roli gospodarza.","protected":false},"author":1,"featured_media":30235,"comment_status":"open","ping_status":"closed","sticky":false,"template":"","format":"standard","meta":{"csco_display_header_overlay":false,"csco_singular_sidebar":"","csco_page_header_type":"","csco_page_load_nextpost":"","csco_post_video_location":[],"csco_post_video_location_hash":"","csco_post_video_url":"","csco_post_video_bg_start_time":0,"csco_post_video_bg_end_time":0,"footnotes":""},"categories":[9670],"tags":[518],"class_list":{"0":"post-30234","1":"post","2":"type-post","3":"status-publish","4":"format-standard","5":"has-post-thumbnail","7":"category-tv","8":"tag-canal","9":"cs-entry","10":"cs-video-wrap"},"_links":{"self":[{"href":"https:\/\/mediarun.com\/pl\/wp-json\/wp\/v2\/posts\/30234","targetHints":{"allow":["GET"]}}],"collection":[{"href":"https:\/\/mediarun.com\/pl\/wp-json\/wp\/v2\/posts"}],"about":[{"href":"https:\/\/mediarun.com\/pl\/wp-json\/wp\/v2\/types\/post"}],"author":[{"embeddable":true,"href":"https:\/\/mediarun.com\/pl\/wp-json\/wp\/v2\/users\/1"}],"replies":[{"embeddable":true,"href":"https:\/\/mediarun.com\/pl\/wp-json\/wp\/v2\/comments?post=30234"}],"version-history":[{"count":0,"href":"https:\/\/mediarun.com\/pl\/wp-json\/wp\/v2\/posts\/30234\/revisions"}],"wp:featuredmedia":[{"embeddable":true,"href":"https:\/\/mediarun.com\/pl\/wp-json\/wp\/v2\/media\/30235"}],"wp:attachment":[{"href":"https:\/\/mediarun.com\/pl\/wp-json\/wp\/v2\/media?parent=30234"}],"wp:term":[{"taxonomy":"category","embeddable":true,"href":"https:\/\/mediarun.com\/pl\/wp-json\/wp\/v2\/categories?post=30234"},{"taxonomy":"post_tag","embeddable":true,"href":"https:\/\/mediarun.com\/pl\/wp-json\/wp\/v2\/tags?post=30234"}],"curies":[{"name":"wp","href":"https:\/\/api.w.org\/{rel}","templated":true}]}}