{"id":30230,"date":"2009-12-28T17:36:08","date_gmt":"2009-12-28T16:36:08","guid":{"rendered":"https:\/\/mediarun.com\/index.php\/news-posts\/zmiany-w-bluszczu\/"},"modified":"2009-12-28T17:36:08","modified_gmt":"2009-12-28T16:36:08","slug":"zmiany-w-bluszczu","status":"publish","type":"post","link":"https:\/\/mediarun.com\/pl\/media\/prasa\/zmiany-w-bluszczu.html","title":{"rendered":"Zmiany w Bluszczu"},"content":{"rendered":"<p>Powie\u015bci\u0105 science fiction w odcinkach zadebiutuje Maciej Male\u0144czuk. Nowy cykl felieton&oacute;w rozpocznie Anna Saraniecka, poetka i autorka tekst&oacute;w piosenek, kt&oacute;ra na sta\u0142e wsp&oacute;\u0142pracuje z Renat\u0105 Przemyk.<\/p>\n<p>Nowo\u015bci\u0105 b\u0119dzie tak\u017ce cykl fotografii artystycznej pt. &#8222;Spotkania Miko\u0142aja Grynberga&#8221;.<\/p>\n<p>Powsta\u0142y tak\u017ce nowe dzia\u0142y: Portrety (wywiady, portrety tw&oacute;rc&oacute;w), Kobiety na skraju napisania (felietony i opowiadania autorek Bluszczu m.in. Kalici\u0144skiej, Grocholi, Pawlowskiej), Mi\u0119dzy S\u0142owami (najlepsze opowiadania, kultowe ksi\u0105\u017cki i wszystko, co zwi\u0105zane z literatur\u0105), Pi&oacute;rem po mapie (redakcja odkrywa nowe miejsca, nowych autor&oacute;w, nowe tre\u015bci &#8211; opowiadania z r&oacute;\u017cnych stron \u015bwiata), Targowisko r&oacute;\u017cno\u015bci (od wywiad&oacute;w o modzie, po kawiarniane opowie\u015bci dawnej Warszawy). Stycze\u0144 to tak\u017ce pocz\u0105tek cyklu Historia jednej znajomo\u015bci  min. o tw&oacute;rczej przyja\u017ani Agnieszki Osieckiej i Hanny Baku\u0142y.<\/p>\n<p>Nowe rozwi\u0105zania layoutowe b\u0119d\u0105 dotyczy\u0142y rozmieszczenia i zaakcentowania nowego podzia\u0142u sekcji tematycznych. Ka\u017cdy dzia\u0142 poprzedzony zostanie ca\u0142ostronicowymi ilustracjami i obrazami oraz specjalnie wybranymi cytatami.<\/p>\n<p>Cena pozostaje niezmieniona i wynosi 9 z\u0142.<\/p>\n<p>Magazyn Bluszcz ukazuje si\u0119 od pa\u017adziernika 2008 r. Wydawc\u0105 jest Elipsa Sp. z o.o.<\/p>\n","protected":false},"excerpt":{"rendered":"Miesi\u0119cznik Bluszcz 2010 r. rozpoczyna ze zmianami redakcyjnymi. Pojawi\u0105 si\u0119 nowi autorzy, dzia\u0142y, a tak\u017ce nowy layout.","protected":false},"author":1,"featured_media":30231,"comment_status":"open","ping_status":"closed","sticky":false,"template":"","format":"standard","meta":{"csco_display_header_overlay":false,"csco_singular_sidebar":"","csco_page_header_type":"","csco_page_load_nextpost":"","csco_post_video_location":[],"csco_post_video_location_hash":"","csco_post_video_url":"","csco_post_video_bg_start_time":0,"csco_post_video_bg_end_time":0,"footnotes":""},"categories":[9673],"tags":[],"class_list":{"0":"post-30230","1":"post","2":"type-post","3":"status-publish","4":"format-standard","5":"has-post-thumbnail","7":"category-prasa","8":"cs-entry","9":"cs-video-wrap"},"_links":{"self":[{"href":"https:\/\/mediarun.com\/pl\/wp-json\/wp\/v2\/posts\/30230","targetHints":{"allow":["GET"]}}],"collection":[{"href":"https:\/\/mediarun.com\/pl\/wp-json\/wp\/v2\/posts"}],"about":[{"href":"https:\/\/mediarun.com\/pl\/wp-json\/wp\/v2\/types\/post"}],"author":[{"embeddable":true,"href":"https:\/\/mediarun.com\/pl\/wp-json\/wp\/v2\/users\/1"}],"replies":[{"embeddable":true,"href":"https:\/\/mediarun.com\/pl\/wp-json\/wp\/v2\/comments?post=30230"}],"version-history":[{"count":0,"href":"https:\/\/mediarun.com\/pl\/wp-json\/wp\/v2\/posts\/30230\/revisions"}],"wp:featuredmedia":[{"embeddable":true,"href":"https:\/\/mediarun.com\/pl\/wp-json\/wp\/v2\/media\/30231"}],"wp:attachment":[{"href":"https:\/\/mediarun.com\/pl\/wp-json\/wp\/v2\/media?parent=30230"}],"wp:term":[{"taxonomy":"category","embeddable":true,"href":"https:\/\/mediarun.com\/pl\/wp-json\/wp\/v2\/categories?post=30230"},{"taxonomy":"post_tag","embeddable":true,"href":"https:\/\/mediarun.com\/pl\/wp-json\/wp\/v2\/tags?post=30230"}],"curies":[{"name":"wp","href":"https:\/\/api.w.org\/{rel}","templated":true}]}}