{"id":30202,"date":"2009-12-30T09:42:05","date_gmt":"2009-12-30T08:42:05","guid":{"rendered":"https:\/\/mediarun.com\/index.php\/news-posts\/bitwa-chorow-chce-przegonic-mam-talent\/"},"modified":"2009-12-30T09:42:05","modified_gmt":"2009-12-30T08:42:05","slug":"bitwa-chorow-chce-przegonic-mam-talent","status":"publish","type":"post","link":"https:\/\/mediarun.com\/pl\/media\/tv\/bitwa-chorow-chce-przegonic-mam-talent.html","title":{"rendered":"&#8222;Bitwa ch\u00f3r\u00f3w&#8221; chce przegoni\u0107 &#8222;Mam talent&#8221;"},"content":{"rendered":"<p>Telewizja publiczna zamierza w przysz\u0142ym roku wprowadzi\u0107 na anten\u0119 Dw&oacute;jki nowy show. &#8211; Rozwa\u017camy tak\u0105 propozycj\u0119 programow\u0105, ale najwcze\u015bniej widzowie mogliby j\u0105 zobaczy\u0107 jesieni\u0105 przysz\u0142ego roku &#8211; informuje Rzeczpospolit\u0105 rzecznik TVP Stanis\u0142aw Wojtera. &#8211; Obecnie trwaj\u0105 prace nad jego szczeg&oacute;\u0142ami.<\/p>\n<p>Wi\u0119cej na <a href=\"http:\/\/http:\/\/www.rzeczpospolita.pl\/\">http:\/\/www.rzeczpospolita.pl\/<\/a><\/p>\n","protected":false},"excerpt":{"rendered":"TVP b\u0119dzie walczy\u0107 ze stacjami komercyjnymi nowym programem rozrywkowym promuj\u0105cym amatorskie zespo\u0142y wokalne.","protected":false},"author":1,"featured_media":30203,"comment_status":"open","ping_status":"closed","sticky":false,"template":"","format":"standard","meta":{"csco_display_header_overlay":false,"csco_singular_sidebar":"","csco_page_header_type":"","csco_page_load_nextpost":"","csco_post_video_location":[],"csco_post_video_location_hash":"","csco_post_video_url":"","csco_post_video_bg_start_time":0,"csco_post_video_bg_end_time":0,"footnotes":""},"categories":[9670],"tags":[],"class_list":{"0":"post-30202","1":"post","2":"type-post","3":"status-publish","4":"format-standard","5":"has-post-thumbnail","7":"category-tv","8":"cs-entry","9":"cs-video-wrap"},"_links":{"self":[{"href":"https:\/\/mediarun.com\/pl\/wp-json\/wp\/v2\/posts\/30202","targetHints":{"allow":["GET"]}}],"collection":[{"href":"https:\/\/mediarun.com\/pl\/wp-json\/wp\/v2\/posts"}],"about":[{"href":"https:\/\/mediarun.com\/pl\/wp-json\/wp\/v2\/types\/post"}],"author":[{"embeddable":true,"href":"https:\/\/mediarun.com\/pl\/wp-json\/wp\/v2\/users\/1"}],"replies":[{"embeddable":true,"href":"https:\/\/mediarun.com\/pl\/wp-json\/wp\/v2\/comments?post=30202"}],"version-history":[{"count":0,"href":"https:\/\/mediarun.com\/pl\/wp-json\/wp\/v2\/posts\/30202\/revisions"}],"wp:featuredmedia":[{"embeddable":true,"href":"https:\/\/mediarun.com\/pl\/wp-json\/wp\/v2\/media\/30203"}],"wp:attachment":[{"href":"https:\/\/mediarun.com\/pl\/wp-json\/wp\/v2\/media?parent=30202"}],"wp:term":[{"taxonomy":"category","embeddable":true,"href":"https:\/\/mediarun.com\/pl\/wp-json\/wp\/v2\/categories?post=30202"},{"taxonomy":"post_tag","embeddable":true,"href":"https:\/\/mediarun.com\/pl\/wp-json\/wp\/v2\/tags?post=30202"}],"curies":[{"name":"wp","href":"https:\/\/api.w.org\/{rel}","templated":true}]}}