{"id":30184,"date":"2009-12-31T13:35:36","date_gmt":"2009-12-31T12:35:36","guid":{"rendered":"https:\/\/mediarun.com\/index.php\/news-posts\/pokieruje-trojka-zelazna-reka\/"},"modified":"2009-12-31T13:35:36","modified_gmt":"2009-12-31T12:35:36","slug":"pokieruje-trojka-zelazna-reka","status":"publish","type":"post","link":"https:\/\/mediarun.com\/pl\/media\/radio\/pokieruje-trojka-zelazna-reka.html","title":{"rendered":"Pokieruje Tr\u00f3jk\u0105 \u017celazn\u0105 r\u0119k\u0105?"},"content":{"rendered":"<p>&#8211; Jak przy wszystkich zmianach w zespole panuje niepewno\u015b\u0107 &#8211; w ko\u0144cu jest to cz\u0142owiek, kt&oacute;ry z nami do tej pory nie pracowa\u0142. Nie mam jednak zwyczaju rzuca\u0107 nikomu k\u0142&oacute;d pod nogi. Oka\u017ce si\u0119, jakim b\u0119dzie dyrektorem &#8211; m&oacute;wi Artur Andrus, satyryk, prezenter Tr&oacute;jki.<\/p>\n<p>Wi\u0119cej na <a href=\"http:\/\/http:\/\/www.rzeczpospolita.pl\/\">http:\/\/www.rzeczpospolita.pl\/<\/a><\/p>\n","protected":false},"excerpt":{"rendered":"Jacek Sobala, nowy szef Programu III Polskiego Radia, to indywidualista, kt&oacute;ry lubi rz\u0105dzi\u0107 &#8211; twierdz\u0105 rozm&oacute;wcy Rzeczpospolitej.","protected":false},"author":1,"featured_media":30185,"comment_status":"open","ping_status":"closed","sticky":false,"template":"","format":"standard","meta":{"csco_display_header_overlay":false,"csco_singular_sidebar":"","csco_page_header_type":"","csco_page_load_nextpost":"","csco_post_video_location":[],"csco_post_video_location_hash":"","csco_post_video_url":"","csco_post_video_bg_start_time":0,"csco_post_video_bg_end_time":0,"footnotes":""},"categories":[9672],"tags":[],"class_list":{"0":"post-30184","1":"post","2":"type-post","3":"status-publish","4":"format-standard","5":"has-post-thumbnail","7":"category-radio","8":"cs-entry","9":"cs-video-wrap"},"_links":{"self":[{"href":"https:\/\/mediarun.com\/pl\/wp-json\/wp\/v2\/posts\/30184","targetHints":{"allow":["GET"]}}],"collection":[{"href":"https:\/\/mediarun.com\/pl\/wp-json\/wp\/v2\/posts"}],"about":[{"href":"https:\/\/mediarun.com\/pl\/wp-json\/wp\/v2\/types\/post"}],"author":[{"embeddable":true,"href":"https:\/\/mediarun.com\/pl\/wp-json\/wp\/v2\/users\/1"}],"replies":[{"embeddable":true,"href":"https:\/\/mediarun.com\/pl\/wp-json\/wp\/v2\/comments?post=30184"}],"version-history":[{"count":0,"href":"https:\/\/mediarun.com\/pl\/wp-json\/wp\/v2\/posts\/30184\/revisions"}],"wp:featuredmedia":[{"embeddable":true,"href":"https:\/\/mediarun.com\/pl\/wp-json\/wp\/v2\/media\/30185"}],"wp:attachment":[{"href":"https:\/\/mediarun.com\/pl\/wp-json\/wp\/v2\/media?parent=30184"}],"wp:term":[{"taxonomy":"category","embeddable":true,"href":"https:\/\/mediarun.com\/pl\/wp-json\/wp\/v2\/categories?post=30184"},{"taxonomy":"post_tag","embeddable":true,"href":"https:\/\/mediarun.com\/pl\/wp-json\/wp\/v2\/tags?post=30184"}],"curies":[{"name":"wp","href":"https:\/\/api.w.org\/{rel}","templated":true}]}}