{"id":30042,"date":"2010-01-07T11:10:34","date_gmt":"2010-01-07T10:10:34","guid":{"rendered":"https:\/\/mediarun.com\/index.php\/news-posts\/bulwarowa-wojna-tomasza-lisa\/"},"modified":"2010-01-07T11:10:34","modified_gmt":"2010-01-07T10:10:34","slug":"bulwarowa-wojna-tomasza-lisa","status":"publish","type":"post","link":"https:\/\/mediarun.com\/pl\/media\/prasa\/bulwarowa-wojna-tomasza-lisa.html","title":{"rendered":"Bulwarowa wojna Tomasza Lisa"},"content":{"rendered":"<p>Walka mi\u0119dzy tabloidami a Tomaszem Lisem, kt&oacute;ra zacz\u0119\u0142a si\u0119 wiele miesi\u0119cy temu, trwa w najlepsze. Najnowsza ods\u0142ona to apel redaktora naczelnego Super Expressu S\u0142awomira Jastrz\u0119bowskiego o zrzeczenie si\u0119 tytu\u0142u Dziennikarza Roku, kt&oacute;r\u0105 Lisowi przyzna\u0142 w grudniu miesi\u0119cznik Press.<\/p>\n<p>Wi\u0119cej na <a href=\"http:\/\/http:\/\/www.rzeczpospolita.pl\/\">http:\/\/www.rzeczpospolita.pl\/<\/a><\/p>\n","protected":false},"excerpt":{"rendered":"Naczelny Super Expressu domaga si\u0119, by znany publicysta zrzek\u0142 si\u0119 tytu\u0142u Dziennikarza Roku 2009.","protected":false},"author":1,"featured_media":30043,"comment_status":"open","ping_status":"closed","sticky":false,"template":"","format":"standard","meta":{"csco_display_header_overlay":false,"csco_singular_sidebar":"","csco_page_header_type":"","csco_page_load_nextpost":"","csco_post_video_location":[],"csco_post_video_location_hash":"","csco_post_video_url":"","csco_post_video_bg_start_time":0,"csco_post_video_bg_end_time":0,"footnotes":""},"categories":[9673],"tags":[],"class_list":{"0":"post-30042","1":"post","2":"type-post","3":"status-publish","4":"format-standard","5":"has-post-thumbnail","7":"category-prasa","8":"cs-entry","9":"cs-video-wrap"},"_links":{"self":[{"href":"https:\/\/mediarun.com\/pl\/wp-json\/wp\/v2\/posts\/30042","targetHints":{"allow":["GET"]}}],"collection":[{"href":"https:\/\/mediarun.com\/pl\/wp-json\/wp\/v2\/posts"}],"about":[{"href":"https:\/\/mediarun.com\/pl\/wp-json\/wp\/v2\/types\/post"}],"author":[{"embeddable":true,"href":"https:\/\/mediarun.com\/pl\/wp-json\/wp\/v2\/users\/1"}],"replies":[{"embeddable":true,"href":"https:\/\/mediarun.com\/pl\/wp-json\/wp\/v2\/comments?post=30042"}],"version-history":[{"count":0,"href":"https:\/\/mediarun.com\/pl\/wp-json\/wp\/v2\/posts\/30042\/revisions"}],"wp:featuredmedia":[{"embeddable":true,"href":"https:\/\/mediarun.com\/pl\/wp-json\/wp\/v2\/media\/30043"}],"wp:attachment":[{"href":"https:\/\/mediarun.com\/pl\/wp-json\/wp\/v2\/media?parent=30042"}],"wp:term":[{"taxonomy":"category","embeddable":true,"href":"https:\/\/mediarun.com\/pl\/wp-json\/wp\/v2\/categories?post=30042"},{"taxonomy":"post_tag","embeddable":true,"href":"https:\/\/mediarun.com\/pl\/wp-json\/wp\/v2\/tags?post=30042"}],"curies":[{"name":"wp","href":"https:\/\/api.w.org\/{rel}","templated":true}]}}