{"id":29880,"date":"2010-01-12T13:25:12","date_gmt":"2010-01-12T12:25:12","guid":{"rendered":"https:\/\/mediarun.com\/index.php\/news-posts\/zimowe-nowosci-w-kuchnia-tv\/"},"modified":"2010-01-12T13:25:12","modified_gmt":"2010-01-12T12:25:12","slug":"zimowe-nowosci-w-kuchnia-tv","status":"publish","type":"post","link":"https:\/\/mediarun.com\/pl\/media\/tv\/zimowe-nowosci-w-kuchnia-tv.html","title":{"rendered":"Zimowe nowo\u015bci w Kuchnia.tv"},"content":{"rendered":"<p>Jan i Jakub Kuro\u0144 w swoim programie przedstawi\u0105 kuchni\u0119 europejsk\u0105 poprzez ulubione dania znanych Europejczyk&oacute;w. Zaprezentuj\u0105 najs\u0142ynniejsze przepisy stworzone ku czci znanych postaci lub zainspirowane ich gustem oraz potrawy, kt&oacute;re przesz\u0142y do historii sztuki kulinarnej dzi\u0119ki filmowi i literaturze.<\/p>\n<p>Ponadto 25 stycznia rozpocznie si\u0119 najnowsza seria programu Joli S\u0142omy i Mirka Trymbulaka, po\u015bwi\u0119cona kuchni wegetaria\u0144skiej &#8211; &#8222;Zimowe Atelier Smaku&#8221;. Gospodarze programu przedstawi\u0105 w niej przepisy na zimowe zupy.<\/p>\n<p>Trzeci\u0105 polsk\u0105 nowo\u015bci\u0105 b\u0119dzie program &#8222;Adam po pracy: seria III &#8211; Zima&#8221; z szefem kuchni restauracji Ancora Adamem Chrz\u0105stowskim, kt&oacute;ry zago\u015bci na antenie od 21 lutego.<\/p>\n<p>Zupe\u0142nie nowym formatem na antenie Kuchni.tv b\u0119dzie teleturniej kulinarny &#8222;Bitwa na no\u017ce i widelce&#8221;, kt&oacute;ry wystartuje 16 stycznia. W programie wyst\u0105pi\u0105 m.in. Hugh Fearnley-Whittingstall (&#8222;River Cottage&#8221;), James Martin (&#8222;Przysmaki Jamesa Martina&#8221;), a gospodyni\u0105 b\u0119dzie Sue Perkins, znana z serii &#8222;Brytyjska historia na talerzu&#8221;.<\/p>\n<p>Kana\u0142 zaserwuje r&oacute;wnie\u017c now\u0105 seri\u0119 reality &#8222;Restauracja w domu&#8221; (od 5 lutego) oraz program poradnikowy &#8222;Kuchnia francuska po prostu&#8221; (od 9 lutego).<\/p>\n","protected":false},"excerpt":{"rendered":"Kuchnia.tv przygotowa\u0142a na zimowe dni kilkana\u015bcie nowych format&oacute;w, w&nbsp;tym trzy polskie produkcje. Na antenie zadebiutuj\u0105 m.in. synowie Macieja Kuronia.","protected":false},"author":1,"featured_media":29881,"comment_status":"open","ping_status":"closed","sticky":false,"template":"","format":"standard","meta":{"csco_display_header_overlay":false,"csco_singular_sidebar":"","csco_page_header_type":"","csco_page_load_nextpost":"","csco_post_video_location":[],"csco_post_video_location_hash":"","csco_post_video_url":"","csco_post_video_bg_start_time":0,"csco_post_video_bg_end_time":0,"footnotes":""},"categories":[9670],"tags":[669],"class_list":{"0":"post-29880","1":"post","2":"type-post","3":"status-publish","4":"format-standard","5":"has-post-thumbnail","7":"category-tv","8":"tag-kuchnia","9":"cs-entry","10":"cs-video-wrap"},"_links":{"self":[{"href":"https:\/\/mediarun.com\/pl\/wp-json\/wp\/v2\/posts\/29880","targetHints":{"allow":["GET"]}}],"collection":[{"href":"https:\/\/mediarun.com\/pl\/wp-json\/wp\/v2\/posts"}],"about":[{"href":"https:\/\/mediarun.com\/pl\/wp-json\/wp\/v2\/types\/post"}],"author":[{"embeddable":true,"href":"https:\/\/mediarun.com\/pl\/wp-json\/wp\/v2\/users\/1"}],"replies":[{"embeddable":true,"href":"https:\/\/mediarun.com\/pl\/wp-json\/wp\/v2\/comments?post=29880"}],"version-history":[{"count":0,"href":"https:\/\/mediarun.com\/pl\/wp-json\/wp\/v2\/posts\/29880\/revisions"}],"wp:featuredmedia":[{"embeddable":true,"href":"https:\/\/mediarun.com\/pl\/wp-json\/wp\/v2\/media\/29881"}],"wp:attachment":[{"href":"https:\/\/mediarun.com\/pl\/wp-json\/wp\/v2\/media?parent=29880"}],"wp:term":[{"taxonomy":"category","embeddable":true,"href":"https:\/\/mediarun.com\/pl\/wp-json\/wp\/v2\/categories?post=29880"},{"taxonomy":"post_tag","embeddable":true,"href":"https:\/\/mediarun.com\/pl\/wp-json\/wp\/v2\/tags?post=29880"}],"curies":[{"name":"wp","href":"https:\/\/api.w.org\/{rel}","templated":true}]}}