{"id":29742,"date":"2010-01-18T14:05:27","date_gmt":"2010-01-18T13:05:27","guid":{"rendered":"https:\/\/mediarun.com\/index.php\/news-posts\/fryderyk-chopin-w-vivie\/"},"modified":"2010-01-18T14:05:27","modified_gmt":"2010-01-18T13:05:27","slug":"fryderyk-chopin-w-vivie","status":"publish","type":"post","link":"https:\/\/mediarun.com\/pl\/media\/tv\/fryderyk-chopin-w-vivie.html","title":{"rendered":"Fryderyk Chopin w Vivie"},"content":{"rendered":"<p>Odcinki &#8222;Viva Spot&#8221; kr\u0119cone by\u0142y w wybranych miejscach Warszawy, kt&oacute;re zwi\u0105zane s\u0105 z Fryderykiem Chopinem: Ogr&oacute;d Saski, Pa\u0142ac Kazimierzowski, Pa\u0142ac Czapskich, &nbsp;Uniwersytet Muzyczny im. Fryderyka Chopina, kawiarnia Honoratka przy ul. Miodowej, Ko\u015bci&oacute;\u0142 Wizytek, ul. Kozia, Ko\u015bci&oacute;\u0142 \u015awi\u0119tego Krzy\u017ca na Krakowskim Przedmie\u015bciu, \u0141azienki Warszawskie&nbsp; przy Pomniku Fryderyka Chopina.<\/p>\n<p>W ka\u017cdym z odcink&oacute;w go\u015bciem specjalnym b\u0119dzie inny przedstawiciel polskiego show biznesu. Tomasz Jacyk&oacute;w, Micha\u0142 i Anna Wi\u015bniewscy, Natalia Kukulska, Kasia Klich, Olivier Janiak, Sasha Strunin, Marina \u0141uczenko oraz Sok&oacute;\u0142 i Pono wypowiedz\u0105 si\u0119 na temat talentu Chopina, a tak\u017ce zdradz\u0105 ciekawe szczeg&oacute;\u0142y z \u017cycia wybitnego pianisty i z czas&oacute;w, kiedy mieszka\u0142 w Warszawie.<\/p>\n<p>Programy &#8222;Viva Spot&#8221; po\u015bwi\u0119cone Chopinowi zostan\u0105 wyemitowane 18, 19, 25 i 26 stycznia oraz 1, 2, 8 i 9 lutego o godz. 16.00. Odcinki specjalne poprowadz\u0105 prezenterki Viva Polska &#8211; Kasia K\u0119pka i Natalia Jaku\u0142a.<\/p>\n","protected":false},"excerpt":{"rendered":"Viva Polska we wsp&oacute;\u0142pracy ze Miastem Sto\u0142ecznym Warszawa postanowi\u0142y uczci\u0107 200. rocznic\u0119 urodzin Fryderyka Chopina o\u015bmioma specjalnymi odcinkami programu &#8222;Viva Spot&#8221;.","protected":false},"author":1,"featured_media":29743,"comment_status":"open","ping_status":"closed","sticky":false,"template":"","format":"standard","meta":{"csco_display_header_overlay":false,"csco_singular_sidebar":"","csco_page_header_type":"","csco_page_load_nextpost":"","csco_post_video_location":[],"csco_post_video_location_hash":"","csco_post_video_url":"","csco_post_video_bg_start_time":0,"csco_post_video_bg_end_time":0,"footnotes":""},"categories":[9670],"tags":[1067],"class_list":{"0":"post-29742","1":"post","2":"type-post","3":"status-publish","4":"format-standard","5":"has-post-thumbnail","7":"category-tv","8":"tag-viva-polska","9":"cs-entry","10":"cs-video-wrap"},"_links":{"self":[{"href":"https:\/\/mediarun.com\/pl\/wp-json\/wp\/v2\/posts\/29742","targetHints":{"allow":["GET"]}}],"collection":[{"href":"https:\/\/mediarun.com\/pl\/wp-json\/wp\/v2\/posts"}],"about":[{"href":"https:\/\/mediarun.com\/pl\/wp-json\/wp\/v2\/types\/post"}],"author":[{"embeddable":true,"href":"https:\/\/mediarun.com\/pl\/wp-json\/wp\/v2\/users\/1"}],"replies":[{"embeddable":true,"href":"https:\/\/mediarun.com\/pl\/wp-json\/wp\/v2\/comments?post=29742"}],"version-history":[{"count":0,"href":"https:\/\/mediarun.com\/pl\/wp-json\/wp\/v2\/posts\/29742\/revisions"}],"wp:featuredmedia":[{"embeddable":true,"href":"https:\/\/mediarun.com\/pl\/wp-json\/wp\/v2\/media\/29743"}],"wp:attachment":[{"href":"https:\/\/mediarun.com\/pl\/wp-json\/wp\/v2\/media?parent=29742"}],"wp:term":[{"taxonomy":"category","embeddable":true,"href":"https:\/\/mediarun.com\/pl\/wp-json\/wp\/v2\/categories?post=29742"},{"taxonomy":"post_tag","embeddable":true,"href":"https:\/\/mediarun.com\/pl\/wp-json\/wp\/v2\/tags?post=29742"}],"curies":[{"name":"wp","href":"https:\/\/api.w.org\/{rel}","templated":true}]}}