{"id":29724,"date":"2010-01-18T15:44:43","date_gmt":"2010-01-18T14:44:43","guid":{"rendered":"https:\/\/mediarun.com\/index.php\/news-posts\/maziarski-naczelnym-newsweek-polska\/"},"modified":"2010-01-18T15:44:43","modified_gmt":"2010-01-18T14:44:43","slug":"maziarski-naczelnym-newsweek-polska","status":"publish","type":"post","link":"https:\/\/mediarun.com\/pl\/media\/prasa\/maziarski-naczelnym-newsweek-polska.html","title":{"rendered":"Maziarski naczelnym Newsweek Polska"},"content":{"rendered":"<p>Maziarski pe\u0142ni\u0142 obowi\u0105zki naczelnego od odej\u015bcia Micha\u0142a Koboski z tego stanowiska, czyli od czerwca 2009 r.<\/p>\n<p>W latach 1991-2001 Maziarski by\u0142 dziennikarzem Gazety Wyborczej. W Newsweeku pracuje od 2001 roku &#8211; kierowa\u0142 dzia\u0142em spo\u0142ecznym i dzia\u0142em publicystyki, a od 2007 roku do czerwca ub.r. by\u0142 zast\u0119pc\u0105 redaktora naczelnego.<\/p>\n","protected":false},"excerpt":{"rendered":"Od stycznia br. Wojciech Maziarski jest redaktorem naczelnym tygodnika Newsweek Polska.","protected":false},"author":1,"featured_media":29725,"comment_status":"open","ping_status":"closed","sticky":false,"template":"","format":"standard","meta":{"csco_display_header_overlay":false,"csco_singular_sidebar":"","csco_page_header_type":"","csco_page_load_nextpost":"","csco_post_video_location":[],"csco_post_video_location_hash":"","csco_post_video_url":"","csco_post_video_bg_start_time":0,"csco_post_video_bg_end_time":0,"footnotes":""},"categories":[9673],"tags":[177],"class_list":{"0":"post-29724","1":"post","2":"type-post","3":"status-publish","4":"format-standard","5":"has-post-thumbnail","7":"category-prasa","8":"tag-newsweek","9":"cs-entry","10":"cs-video-wrap"},"_links":{"self":[{"href":"https:\/\/mediarun.com\/pl\/wp-json\/wp\/v2\/posts\/29724","targetHints":{"allow":["GET"]}}],"collection":[{"href":"https:\/\/mediarun.com\/pl\/wp-json\/wp\/v2\/posts"}],"about":[{"href":"https:\/\/mediarun.com\/pl\/wp-json\/wp\/v2\/types\/post"}],"author":[{"embeddable":true,"href":"https:\/\/mediarun.com\/pl\/wp-json\/wp\/v2\/users\/1"}],"replies":[{"embeddable":true,"href":"https:\/\/mediarun.com\/pl\/wp-json\/wp\/v2\/comments?post=29724"}],"version-history":[{"count":0,"href":"https:\/\/mediarun.com\/pl\/wp-json\/wp\/v2\/posts\/29724\/revisions"}],"wp:featuredmedia":[{"embeddable":true,"href":"https:\/\/mediarun.com\/pl\/wp-json\/wp\/v2\/media\/29725"}],"wp:attachment":[{"href":"https:\/\/mediarun.com\/pl\/wp-json\/wp\/v2\/media?parent=29724"}],"wp:term":[{"taxonomy":"category","embeddable":true,"href":"https:\/\/mediarun.com\/pl\/wp-json\/wp\/v2\/categories?post=29724"},{"taxonomy":"post_tag","embeddable":true,"href":"https:\/\/mediarun.com\/pl\/wp-json\/wp\/v2\/tags?post=29724"}],"curies":[{"name":"wp","href":"https:\/\/api.w.org\/{rel}","templated":true}]}}