{"id":29370,"date":"2010-01-27T12:11:35","date_gmt":"2010-01-27T11:11:35","guid":{"rendered":"https:\/\/mediarun.com\/index.php\/news-posts\/mala-czarna-wraca-do-czworki\/"},"modified":"2010-01-27T12:11:35","modified_gmt":"2010-01-27T11:11:35","slug":"mala-czarna-wraca-do-czworki","status":"publish","type":"post","link":"https:\/\/mediarun.com\/pl\/media\/tv\/mala-czarna-wraca-do-czworki.html","title":{"rendered":"&#8222;ma\u0142a Czarna&#8221; wraca do Czw\u00f3rki"},"content":{"rendered":"<p>Teraz premierowe odcinki emitowane b\u0119d\u0105 w ka\u017cd\u0105 sobot\u0119 i niedziel\u0119 o godz. 12.00.<\/p>\n<p>Pojawi\u0105 si\u0119 sta\u0142e tematy przewodnie, kt&oacute;re powraca\u0107 b\u0119d\u0105 w kolejnych odcinkach w r&oacute;\u017cnym uj\u0119ciu &#8211; b\u0119dzie w\u015br&oacute;d nich temat rozwoju osobistego, o kt&oacute;rym m&oacute;wi\u0107 b\u0119d\u0105 psycholodzy, socjolodzy i specjali\u015bci r&oacute;\u017cnych dziedzin, mog\u0105cy doradzi\u0107 i podpowiedzie\u0107 kobietom drogi samorealizacji.<\/p>\n<p>W ka\u017cdym odcinku Katarzyna Montgomery, wraz z dwiema wsp&oacute;\u0142prowadz\u0105cymi i zaproszonymi go\u015b\u0107mi, prowadzi\u0107 b\u0119dzie szczere, niebanalne i zaskakuj\u0105ce rozmowy, nie stroni\u0105c od trudnych temat&oacute;w.<\/p>\n<p>Program wsp&oacute;\u0142prowadz\u0105: Aleksandra Kwa\u015bniewska, Karolina Wajda, Zuzanna Ziomecka, Paulina Reiter, Barbara Stanis\u0142awczyk, Katarzyna Lengren, Beata Kawka i Agnieszka Maci\u0105g.<\/p>\n<p>Najbli\u017csze premierowe odcinki w sobot\u0119, 13 lutego i w niedziel\u0119, 14 lutego.<\/p>\n","protected":false},"excerpt":{"rendered":"13 lutego na anten\u0119 Czw&oacute;rki powraca &#8222;ma\u0142a Czarna&#8221; z nowymi odcinkami, w od\u015bwie\u017conej formule i o nowej porze.","protected":false},"author":1,"featured_media":29371,"comment_status":"open","ping_status":"closed","sticky":false,"template":"","format":"standard","meta":{"csco_display_header_overlay":false,"csco_singular_sidebar":"","csco_page_header_type":"","csco_page_load_nextpost":"","csco_post_video_location":[],"csco_post_video_location_hash":"","csco_post_video_url":"","csco_post_video_bg_start_time":0,"csco_post_video_bg_end_time":0,"footnotes":""},"categories":[9670],"tags":[1162],"class_list":{"0":"post-29370","1":"post","2":"type-post","3":"status-publish","4":"format-standard","5":"has-post-thumbnail","7":"category-tv","8":"tag-czworka","9":"cs-entry","10":"cs-video-wrap"},"_links":{"self":[{"href":"https:\/\/mediarun.com\/pl\/wp-json\/wp\/v2\/posts\/29370","targetHints":{"allow":["GET"]}}],"collection":[{"href":"https:\/\/mediarun.com\/pl\/wp-json\/wp\/v2\/posts"}],"about":[{"href":"https:\/\/mediarun.com\/pl\/wp-json\/wp\/v2\/types\/post"}],"author":[{"embeddable":true,"href":"https:\/\/mediarun.com\/pl\/wp-json\/wp\/v2\/users\/1"}],"replies":[{"embeddable":true,"href":"https:\/\/mediarun.com\/pl\/wp-json\/wp\/v2\/comments?post=29370"}],"version-history":[{"count":0,"href":"https:\/\/mediarun.com\/pl\/wp-json\/wp\/v2\/posts\/29370\/revisions"}],"wp:featuredmedia":[{"embeddable":true,"href":"https:\/\/mediarun.com\/pl\/wp-json\/wp\/v2\/media\/29371"}],"wp:attachment":[{"href":"https:\/\/mediarun.com\/pl\/wp-json\/wp\/v2\/media?parent=29370"}],"wp:term":[{"taxonomy":"category","embeddable":true,"href":"https:\/\/mediarun.com\/pl\/wp-json\/wp\/v2\/categories?post=29370"},{"taxonomy":"post_tag","embeddable":true,"href":"https:\/\/mediarun.com\/pl\/wp-json\/wp\/v2\/tags?post=29370"}],"curies":[{"name":"wp","href":"https:\/\/api.w.org\/{rel}","templated":true}]}}