{"id":28802,"date":"2010-02-11T11:27:28","date_gmt":"2010-02-11T10:27:28","guid":{"rendered":"https:\/\/mediarun.com\/index.php\/news-posts\/rymanowski-i-autorzy-teraz-my-znikna-z-tvn\/"},"modified":"2010-02-11T11:27:28","modified_gmt":"2010-02-11T10:27:28","slug":"rymanowski-i-autorzy-teraz-my-znikna-z-tvn","status":"publish","type":"post","link":"https:\/\/mediarun.com\/pl\/media\/tv\/rymanowski-i-autorzy-teraz-my-znikna-z-tvn.html","title":{"rendered":"Rymanowski i autorzy &#8222;Teraz my&#8221; znikn\u0105 z TVN"},"content":{"rendered":"<p>Kierownictwo stacji chce, \u017ceby g\u0142&oacute;wna antena zachowa\u0142a lekki charakter, dlatego znajd\u0105 si\u0119 tam jedynie seriale i programy rozrywkowe. A tematy polityczne i publicystyczne maj\u0105 zosta\u0107 tylko w kanale informacyjnym, czyli TVN 24.<\/p>\n<p>Wi\u0119cej na <a href=\"http:\/\/http:\/\/www.rzeczpospolita.pl\/\">http:\/\/www.rzeczpospolita.pl\/<\/a><\/p>\n","protected":false},"excerpt":{"rendered":"TVN rezygnuje z program&oacute;w politycznych. &#8222;Kawa na \u0142aw\u0119&#8221; i &#8222;Teraz my&#8221; nie b\u0119d\u0105 emitowane na g\u0142&oacute;wnej antenie.","protected":false},"author":1,"featured_media":28803,"comment_status":"open","ping_status":"closed","sticky":false,"template":"","format":"standard","meta":{"csco_display_header_overlay":false,"csco_singular_sidebar":"","csco_page_header_type":"","csco_page_load_nextpost":"","csco_post_video_location":[],"csco_post_video_location_hash":"","csco_post_video_url":"","csco_post_video_bg_start_time":0,"csco_post_video_bg_end_time":0,"footnotes":""},"categories":[9670],"tags":[98],"class_list":{"0":"post-28802","1":"post","2":"type-post","3":"status-publish","4":"format-standard","5":"has-post-thumbnail","7":"category-tv","8":"tag-tvn","9":"cs-entry","10":"cs-video-wrap"},"_links":{"self":[{"href":"https:\/\/mediarun.com\/pl\/wp-json\/wp\/v2\/posts\/28802","targetHints":{"allow":["GET"]}}],"collection":[{"href":"https:\/\/mediarun.com\/pl\/wp-json\/wp\/v2\/posts"}],"about":[{"href":"https:\/\/mediarun.com\/pl\/wp-json\/wp\/v2\/types\/post"}],"author":[{"embeddable":true,"href":"https:\/\/mediarun.com\/pl\/wp-json\/wp\/v2\/users\/1"}],"replies":[{"embeddable":true,"href":"https:\/\/mediarun.com\/pl\/wp-json\/wp\/v2\/comments?post=28802"}],"version-history":[{"count":0,"href":"https:\/\/mediarun.com\/pl\/wp-json\/wp\/v2\/posts\/28802\/revisions"}],"wp:featuredmedia":[{"embeddable":true,"href":"https:\/\/mediarun.com\/pl\/wp-json\/wp\/v2\/media\/28803"}],"wp:attachment":[{"href":"https:\/\/mediarun.com\/pl\/wp-json\/wp\/v2\/media?parent=28802"}],"wp:term":[{"taxonomy":"category","embeddable":true,"href":"https:\/\/mediarun.com\/pl\/wp-json\/wp\/v2\/categories?post=28802"},{"taxonomy":"post_tag","embeddable":true,"href":"https:\/\/mediarun.com\/pl\/wp-json\/wp\/v2\/tags?post=28802"}],"curies":[{"name":"wp","href":"https:\/\/api.w.org\/{rel}","templated":true}]}}