{"id":28800,"date":"2010-02-11T11:50:46","date_gmt":"2010-02-11T10:50:46","guid":{"rendered":"https:\/\/mediarun.com\/index.php\/news-posts\/sport-okiem-miss-szwecji\/"},"modified":"2010-02-11T11:50:46","modified_gmt":"2010-02-11T10:50:46","slug":"sport-okiem-miss-szwecji","status":"publish","type":"post","link":"https:\/\/mediarun.com\/pl\/media\/tv\/sport-okiem-miss-szwecji.html","title":{"rendered":"Sport okiem miss Szwecji"},"content":{"rendered":"<p>Cykl kilkuminutowych program&oacute;w z udzia\u0142em by\u0142ej miss Szwecji, ma pozwoli\u0107 widzom na kr&oacute;tki relaks w pe\u0142nym intensywnych emocji okresie Zimowych Igrzysk Olimpijskich w Vancouver.<\/p>\n<p>W kolejnych odcinkach programu &#8222;Sport okiem Victorii&#8221; (&#8222;Sport by Victoria&#8221;) bohaterka b\u0119dzie przedstawia\u0107 sw&oacute;j punkt widzenia na poszczeg&oacute;lne dyscypliny, a tak\u017ce ocenia\u0107 atrakcyjno\u015b\u0107 ka\u017cdej z nich wed\u0142ug w\u0142asnych, intryguj\u0105cych kryteri&oacute;w, jak na przyk\u0142ad urok.<\/p>\n<p>Victoria Silvstedt, w przesz\u0142o\u015bci wyczynowo uprawiaj\u0105ca narciarstwo alpejskie, w 1993 roku znalaz\u0142a si\u0119 w czo\u0142owej dziesi\u0105tce wybor&oacute;w miss \u015bwiata. Kontrowersyjna w swoim kraju ma na koncie wsp&oacute;\u0142prac\u0119 z czo\u0142owymi domami mody (Chanel, Christian Dior, Givenchy, Valentino, Giorgio Armani i Loris Azzaro), szereg sesji zdj\u0119ciowych dla magazyn&oacute;w dla m\u0119\u017cczyzn, a tak\u017ce karier\u0119 aktorki i piosenkarki.<\/p>\n","protected":false},"excerpt":{"rendered":"Eurosport postanowi\u0142 zaoferowa\u0107 widzom \u017cartobliwe spojrzenie na sportow\u0105 rzeczywisto\u015b\u0107 oczami Victorii Silvstedt, czo\u0142owej szwedzkiej modelki.","protected":false},"author":1,"featured_media":28801,"comment_status":"open","ping_status":"closed","sticky":false,"template":"","format":"standard","meta":{"csco_display_header_overlay":false,"csco_singular_sidebar":"","csco_page_header_type":"","csco_page_load_nextpost":"","csco_post_video_location":[],"csco_post_video_location_hash":"","csco_post_video_url":"","csco_post_video_bg_start_time":0,"csco_post_video_bg_end_time":0,"footnotes":""},"categories":[9670],"tags":[672],"class_list":{"0":"post-28800","1":"post","2":"type-post","3":"status-publish","4":"format-standard","5":"has-post-thumbnail","7":"category-tv","8":"tag-eurosport","9":"cs-entry","10":"cs-video-wrap"},"_links":{"self":[{"href":"https:\/\/mediarun.com\/pl\/wp-json\/wp\/v2\/posts\/28800","targetHints":{"allow":["GET"]}}],"collection":[{"href":"https:\/\/mediarun.com\/pl\/wp-json\/wp\/v2\/posts"}],"about":[{"href":"https:\/\/mediarun.com\/pl\/wp-json\/wp\/v2\/types\/post"}],"author":[{"embeddable":true,"href":"https:\/\/mediarun.com\/pl\/wp-json\/wp\/v2\/users\/1"}],"replies":[{"embeddable":true,"href":"https:\/\/mediarun.com\/pl\/wp-json\/wp\/v2\/comments?post=28800"}],"version-history":[{"count":0,"href":"https:\/\/mediarun.com\/pl\/wp-json\/wp\/v2\/posts\/28800\/revisions"}],"wp:featuredmedia":[{"embeddable":true,"href":"https:\/\/mediarun.com\/pl\/wp-json\/wp\/v2\/media\/28801"}],"wp:attachment":[{"href":"https:\/\/mediarun.com\/pl\/wp-json\/wp\/v2\/media?parent=28800"}],"wp:term":[{"taxonomy":"category","embeddable":true,"href":"https:\/\/mediarun.com\/pl\/wp-json\/wp\/v2\/categories?post=28800"},{"taxonomy":"post_tag","embeddable":true,"href":"https:\/\/mediarun.com\/pl\/wp-json\/wp\/v2\/tags?post=28800"}],"curies":[{"name":"wp","href":"https:\/\/api.w.org\/{rel}","templated":true}]}}