{"id":28750,"date":"2010-02-15T10:40:53","date_gmt":"2010-02-15T09:40:53","guid":{"rendered":"https:\/\/mediarun.com\/index.php\/news-posts\/odwolano-dyrektora-tvp-krakow\/"},"modified":"2010-02-15T10:40:53","modified_gmt":"2010-02-15T09:40:53","slug":"odwolano-dyrektora-tvp-krakow","status":"publish","type":"post","link":"https:\/\/mediarun.com\/pl\/media\/tv\/odwolano-dyrektora-tvp-krakow.html","title":{"rendered":"Odwo\u0142ano dyrektora TVP Krak\u00f3w"},"content":{"rendered":"<p>Do Krakowa, jak si\u0119 nieoficjalnie dowiedzieli\u015bmy, wiadomo\u015b\u0107 o &#8222;zwolnieniu dyrektora z obowi\u0105zku \u015bwiadczenia pracy&#8221; dotar\u0142a faksem.<\/p>\n<p>Wi\u0119cej na <a href=\"http:\/\/http:\/\/www.rzeczpospolita.pl\/\">http:\/\/www.rzeczpospolita.pl\/<\/a><\/p>\n","protected":false},"excerpt":{"rendered":"Bogdan Wasztyl zosta\u0142 dzi\u015b odwo\u0142any z funkcji szefa krakowskiego o\u015brodka TVP. Odwo\u0142ano te\u017c szef&oacute;w o\u015brodk&oacute;w w \u0141odzi i Bia\u0142ymstoku.","protected":false},"author":1,"featured_media":28751,"comment_status":"open","ping_status":"closed","sticky":false,"template":"","format":"standard","meta":{"csco_display_header_overlay":false,"csco_singular_sidebar":"","csco_page_header_type":"","csco_page_load_nextpost":"","csco_post_video_location":[],"csco_post_video_location_hash":"","csco_post_video_url":"","csco_post_video_bg_start_time":0,"csco_post_video_bg_end_time":0,"footnotes":""},"categories":[9670],"tags":[392],"class_list":{"0":"post-28750","1":"post","2":"type-post","3":"status-publish","4":"format-standard","5":"has-post-thumbnail","7":"category-tv","8":"tag-tvp","9":"cs-entry","10":"cs-video-wrap"},"_links":{"self":[{"href":"https:\/\/mediarun.com\/pl\/wp-json\/wp\/v2\/posts\/28750","targetHints":{"allow":["GET"]}}],"collection":[{"href":"https:\/\/mediarun.com\/pl\/wp-json\/wp\/v2\/posts"}],"about":[{"href":"https:\/\/mediarun.com\/pl\/wp-json\/wp\/v2\/types\/post"}],"author":[{"embeddable":true,"href":"https:\/\/mediarun.com\/pl\/wp-json\/wp\/v2\/users\/1"}],"replies":[{"embeddable":true,"href":"https:\/\/mediarun.com\/pl\/wp-json\/wp\/v2\/comments?post=28750"}],"version-history":[{"count":0,"href":"https:\/\/mediarun.com\/pl\/wp-json\/wp\/v2\/posts\/28750\/revisions"}],"wp:featuredmedia":[{"embeddable":true,"href":"https:\/\/mediarun.com\/pl\/wp-json\/wp\/v2\/media\/28751"}],"wp:attachment":[{"href":"https:\/\/mediarun.com\/pl\/wp-json\/wp\/v2\/media?parent=28750"}],"wp:term":[{"taxonomy":"category","embeddable":true,"href":"https:\/\/mediarun.com\/pl\/wp-json\/wp\/v2\/categories?post=28750"},{"taxonomy":"post_tag","embeddable":true,"href":"https:\/\/mediarun.com\/pl\/wp-json\/wp\/v2\/tags?post=28750"}],"curies":[{"name":"wp","href":"https:\/\/api.w.org\/{rel}","templated":true}]}}