{"id":28704,"date":"2010-02-16T10:43:15","date_gmt":"2010-02-16T09:43:15","guid":{"rendered":"https:\/\/mediarun.com\/index.php\/news-posts\/rojek-szefem-tvp-krakow\/"},"modified":"2010-02-16T10:43:15","modified_gmt":"2010-02-16T09:43:15","slug":"rojek-szefem-tvp-krakow","status":"publish","type":"post","link":"https:\/\/mediarun.com\/pl\/media\/tv\/rojek-szefem-tvp-krakow.html","title":{"rendered":"Rojek szefem TVP Krak\u00f3w"},"content":{"rendered":"<p>Dyrektor krakowskiego o\u015brodka pracuje w TVP Krak&oacute;w od 1991 roku By\u0142 reporterem i wydawc\u0105 &#8222;Kroniki&#8221;, a ostatnio kierowa\u0142 Redakcj\u0105 Programu Regionalnego. Jest absolwentem antropologii UJ. W latach 80. by\u0142 zwiazany z demokratyczn\u0105 opozycj\u0105, dzia\u0142a\u0142 w ruchu &#8222;Wolno\u015b\u0107 i Pok&oacute;j&#8221;.<\/p>\n<p>Wi\u0119cej na <a href=\"http:\/\/http:\/\/www.rzeczpospolita.pl\/\">http:\/\/www.rzeczpospolita.pl\/<\/a><\/p>\n","protected":false},"excerpt":{"rendered":"Zarz\u0105d Telewizji Polskiej zdecydowa\u0142, \u017ce to redaktor Jan Rojek, od lat zwi\u0105zany z TVP Krak&oacute;w, zostanie jej dyrektorem. Jego poprzednik, Bogdan Wasztyl zosta\u0142 odwo\u0142any w pi\u0105tek.","protected":false},"author":1,"featured_media":28705,"comment_status":"open","ping_status":"closed","sticky":false,"template":"","format":"standard","meta":{"csco_display_header_overlay":false,"csco_singular_sidebar":"","csco_page_header_type":"","csco_page_load_nextpost":"","csco_post_video_location":[],"csco_post_video_location_hash":"","csco_post_video_url":"","csco_post_video_bg_start_time":0,"csco_post_video_bg_end_time":0,"footnotes":""},"categories":[9670],"tags":[392],"class_list":{"0":"post-28704","1":"post","2":"type-post","3":"status-publish","4":"format-standard","5":"has-post-thumbnail","7":"category-tv","8":"tag-tvp","9":"cs-entry","10":"cs-video-wrap"},"_links":{"self":[{"href":"https:\/\/mediarun.com\/pl\/wp-json\/wp\/v2\/posts\/28704","targetHints":{"allow":["GET"]}}],"collection":[{"href":"https:\/\/mediarun.com\/pl\/wp-json\/wp\/v2\/posts"}],"about":[{"href":"https:\/\/mediarun.com\/pl\/wp-json\/wp\/v2\/types\/post"}],"author":[{"embeddable":true,"href":"https:\/\/mediarun.com\/pl\/wp-json\/wp\/v2\/users\/1"}],"replies":[{"embeddable":true,"href":"https:\/\/mediarun.com\/pl\/wp-json\/wp\/v2\/comments?post=28704"}],"version-history":[{"count":0,"href":"https:\/\/mediarun.com\/pl\/wp-json\/wp\/v2\/posts\/28704\/revisions"}],"wp:featuredmedia":[{"embeddable":true,"href":"https:\/\/mediarun.com\/pl\/wp-json\/wp\/v2\/media\/28705"}],"wp:attachment":[{"href":"https:\/\/mediarun.com\/pl\/wp-json\/wp\/v2\/media?parent=28704"}],"wp:term":[{"taxonomy":"category","embeddable":true,"href":"https:\/\/mediarun.com\/pl\/wp-json\/wp\/v2\/categories?post=28704"},{"taxonomy":"post_tag","embeddable":true,"href":"https:\/\/mediarun.com\/pl\/wp-json\/wp\/v2\/tags?post=28704"}],"curies":[{"name":"wp","href":"https:\/\/api.w.org\/{rel}","templated":true}]}}