{"id":28532,"date":"2010-02-22T14:07:35","date_gmt":"2010-02-22T13:07:35","guid":{"rendered":"https:\/\/mediarun.com\/index.php\/news-posts\/moda-za-500-w-polsat-cafe\/"},"modified":"2010-02-22T14:07:35","modified_gmt":"2010-02-22T13:07:35","slug":"moda-za-500-w-polsat-cafe","status":"publish","type":"post","link":"https:\/\/mediarun.com\/pl\/media\/tv\/moda-za-500-w-polsat-cafe.html","title":{"rendered":"&#8222;Moda za 500!&#8221; w Polsat Cafe"},"content":{"rendered":"<p>Format powsta\u0142 dla tych, kt&oacute;rzy umiej\u0105 ubra\u0107 si\u0119 z fantazj\u0105, staraj\u0105 si\u0119 by\u0107 kreatywni i otwarci na nowe trendy<\/p>\n<p>W programie znani kreatorzy od wizerunku b\u0119d\u0105 ocenia\u0107 stylizacje zg\u0142aszaj\u0105cych si\u0119 uczestnik&oacute;w. Jurorzy ocenia\u0107 b\u0119d\u0105 zg\u0142oszenia do konkurs&oacute;w: Autokreacja, Stylizacje Vintage oraz styl New Look.<\/p>\n<p>Program prowadzi modelka Agnieszka Maci\u0105g. W jury programu zasi\u0105d\u0105: Anna M\u0119czy\u0144ska &#8211;  stylistka, Grzegorz Bloch &#8211; stylista oraz Wojciech Grzyba\u0142a &#8211; redaktor Mody Show.<\/p>\n<p>Premiera nowego programu 8 marca w Polsat Cafe.<\/p>\n","protected":false},"excerpt":{"rendered":"8 marca na antenie Polsat Cafe zadebiutuje program autorstwa Doroty Wr&oacute;blewskiej &#8211; &#8222;Moda za 500!&#8221;.","protected":false},"author":1,"featured_media":28533,"comment_status":"open","ping_status":"closed","sticky":false,"template":"","format":"standard","meta":{"csco_display_header_overlay":false,"csco_singular_sidebar":"","csco_page_header_type":"","csco_page_load_nextpost":"","csco_post_video_location":[],"csco_post_video_location_hash":"","csco_post_video_url":"","csco_post_video_bg_start_time":0,"csco_post_video_bg_end_time":0,"footnotes":""},"categories":[9670],"tags":[100],"class_list":{"0":"post-28532","1":"post","2":"type-post","3":"status-publish","4":"format-standard","5":"has-post-thumbnail","7":"category-tv","8":"tag-polsat-cafe","9":"cs-entry","10":"cs-video-wrap"},"_links":{"self":[{"href":"https:\/\/mediarun.com\/pl\/wp-json\/wp\/v2\/posts\/28532","targetHints":{"allow":["GET"]}}],"collection":[{"href":"https:\/\/mediarun.com\/pl\/wp-json\/wp\/v2\/posts"}],"about":[{"href":"https:\/\/mediarun.com\/pl\/wp-json\/wp\/v2\/types\/post"}],"author":[{"embeddable":true,"href":"https:\/\/mediarun.com\/pl\/wp-json\/wp\/v2\/users\/1"}],"replies":[{"embeddable":true,"href":"https:\/\/mediarun.com\/pl\/wp-json\/wp\/v2\/comments?post=28532"}],"version-history":[{"count":0,"href":"https:\/\/mediarun.com\/pl\/wp-json\/wp\/v2\/posts\/28532\/revisions"}],"wp:featuredmedia":[{"embeddable":true,"href":"https:\/\/mediarun.com\/pl\/wp-json\/wp\/v2\/media\/28533"}],"wp:attachment":[{"href":"https:\/\/mediarun.com\/pl\/wp-json\/wp\/v2\/media?parent=28532"}],"wp:term":[{"taxonomy":"category","embeddable":true,"href":"https:\/\/mediarun.com\/pl\/wp-json\/wp\/v2\/categories?post=28532"},{"taxonomy":"post_tag","embeddable":true,"href":"https:\/\/mediarun.com\/pl\/wp-json\/wp\/v2\/tags?post=28532"}],"curies":[{"name":"wp","href":"https:\/\/api.w.org\/{rel}","templated":true}]}}