{"id":28496,"date":"2010-02-23T11:19:35","date_gmt":"2010-02-23T10:19:35","guid":{"rendered":"https:\/\/mediarun.com\/index.php\/news-posts\/mocni-wizerunkiem-po-raz-szosty\/"},"modified":"2010-02-23T11:19:35","modified_gmt":"2010-02-23T10:19:35","slug":"mocni-wizerunkiem-po-raz-szosty","status":"publish","type":"post","link":"https:\/\/mediarun.com\/pl\/marketing\/pr\/mocni-wizerunkiem-po-raz-szosty.html","title":{"rendered":"Mocni Wizerunkiem po raz sz\u00f3sty"},"content":{"rendered":"<p>Jego ide\u0105 jest promowanie podejmowanych przez firmy inicjatyw, kt&oacute;re wychodz\u0105 poza ich biznesow\u0105 dzia\u0142alno\u015b\u0107. W tym celu przez ca\u0142y rok monitorowana jest aktywno\u015b\u0107 firm pod wzgl\u0119dem ich zaanga\u017cowania na polu spo\u0142ecznym i charytatywnym. Pozyskane informacje s\u0142u\u017c\u0105 nast\u0119pnie jurorom do oceny dzia\u0142alno\u015bci poszczeg&oacute;lnych podmiot&oacute;w.<\/p>\n<p>Konkurs podzielony jest na dwa obszary: og&oacute;lnokrajowy i regionalny. Uczestnicy etapu regionalnego mog\u0105 startowa\u0107 r&oacute;wnie\u017c w edycji og&oacute;lnopolskiej. Zwyci\u0119zcy wy\u0142aniani s\u0105 przez jury z\u0142o\u017cone ze specjalist&oacute;w i praktyk&oacute;w z bran\u017cy.<\/p>\n<p>W poprzednich latach posiadaczami statuetek zosta\u0142y m.in.: Telma Group Communications, Canal+, Bank BPH, PKP Polskie Linie Kolejowe, Partner of Promotion oraz Alert Media Communications.<\/p>\n<p>Zwyci\u0119zc&oacute;w tegorocznej edycji poznamy 21 kwietnia.<\/p>\n","protected":false},"excerpt":{"rendered":"Podczas tegorocznego IX Kongresu PR w Rzeszowie odb\u0119dzie si\u0119 sz&oacute;sta edycja konkursu Mocni Wizerunkiem.","protected":false},"author":1,"featured_media":28497,"comment_status":"open","ping_status":"closed","sticky":false,"template":"","format":"standard","meta":{"csco_display_header_overlay":false,"csco_singular_sidebar":"","csco_page_header_type":"","csco_page_load_nextpost":"","csco_post_video_location":[],"csco_post_video_location_hash":"","csco_post_video_url":"","csco_post_video_bg_start_time":0,"csco_post_video_bg_end_time":0,"footnotes":""},"categories":[9648],"tags":[1455],"class_list":{"0":"post-28496","1":"post","2":"type-post","3":"status-publish","4":"format-standard","5":"has-post-thumbnail","7":"category-pr","8":"tag-telma-group-communications","9":"cs-entry","10":"cs-video-wrap"},"_links":{"self":[{"href":"https:\/\/mediarun.com\/pl\/wp-json\/wp\/v2\/posts\/28496","targetHints":{"allow":["GET"]}}],"collection":[{"href":"https:\/\/mediarun.com\/pl\/wp-json\/wp\/v2\/posts"}],"about":[{"href":"https:\/\/mediarun.com\/pl\/wp-json\/wp\/v2\/types\/post"}],"author":[{"embeddable":true,"href":"https:\/\/mediarun.com\/pl\/wp-json\/wp\/v2\/users\/1"}],"replies":[{"embeddable":true,"href":"https:\/\/mediarun.com\/pl\/wp-json\/wp\/v2\/comments?post=28496"}],"version-history":[{"count":0,"href":"https:\/\/mediarun.com\/pl\/wp-json\/wp\/v2\/posts\/28496\/revisions"}],"wp:featuredmedia":[{"embeddable":true,"href":"https:\/\/mediarun.com\/pl\/wp-json\/wp\/v2\/media\/28497"}],"wp:attachment":[{"href":"https:\/\/mediarun.com\/pl\/wp-json\/wp\/v2\/media?parent=28496"}],"wp:term":[{"taxonomy":"category","embeddable":true,"href":"https:\/\/mediarun.com\/pl\/wp-json\/wp\/v2\/categories?post=28496"},{"taxonomy":"post_tag","embeddable":true,"href":"https:\/\/mediarun.com\/pl\/wp-json\/wp\/v2\/tags?post=28496"}],"curies":[{"name":"wp","href":"https:\/\/api.w.org\/{rel}","templated":true}]}}