{"id":28474,"date":"2010-02-23T13:59:57","date_gmt":"2010-02-23T12:59:57","guid":{"rendered":"https:\/\/mediarun.com\/index.php\/news-posts\/znamy-uczestnikow-tanca-z-gwiazdami\/"},"modified":"2010-02-23T13:59:57","modified_gmt":"2010-02-23T12:59:57","slug":"znamy-uczestnikow-tanca-z-gwiazdami","status":"publish","type":"post","link":"https:\/\/mediarun.com\/pl\/media\/tv\/znamy-uczestnikow-tanca-z-gwiazdami.html","title":{"rendered":"Znamy uczestnik\u00f3w &#8222;Ta\u0144ca z gwiazdami&#8221;"},"content":{"rendered":"<p>XI edycja show wystartuje 7 marca i pokazywana b\u0119dzie tradycyjnie w ka\u017cd\u0105 niedziel\u0119 o godz. 20.00.<\/p>\n<p>W programie zobaczymy 12 gwiazd, kt&oacute;re walczy\u0107 b\u0119d\u0105 o Kryszta\u0142ow\u0105 Kul\u0119.<\/p>\n<p><strong>Pe\u0142na lista uczestnik&oacute;w 11. serii &#8222;Ta\u0144ca z Gwiazdami&#8221;:<\/strong><\/p>\n<p><strong>1.<\/strong> Julia Kami\u0144ska i Rafa\u0142 Maserak<br \/><strong>2.<\/strong> Artur Barci\u015b i Paulina Biernat<br \/><strong>3.<\/strong> Katarzyna Glinka i Stefano Terrazzino<br \/><strong>4.<\/strong> Piotr Szwedes i Ania G\u0142ogowska<br \/><strong>5.<\/strong> Katarzyna Grochola i Jan Kliment<br \/><strong>6.<\/strong> Przemys\u0142aw Saleta i Iza Janachowska<br \/><strong>7.<\/strong> Olga Bo\u0142\u0105d\u017a<br \/><strong>8.<\/strong> Ola Szwed<br \/><strong>9.<\/strong> Oceana Mahlmann<br \/><strong>10.<\/strong> Maciej Friedek<br \/><strong>11.<\/strong> Przemys\u0142aw Miarczy\u0144ski<br \/><strong>12.<\/strong> \u0141ukasz Mr&oacute;z &#8211; &#8222;Mrozu&#8221;<\/p>\n<p>Program poprowadzi duet Katarzyna Skrzynecka i Piotr G\u0105sowski, a w jury zasi\u0105dzie Beata Tyszkiewicz, Iwona Szyma\u0144ska-Pavlovi\u0107, Zbigniew Wodecki i Piotr Gali\u0144ski.<\/p>\n<p>Najbli\u017csza seria show realizowana b\u0119dzie w nowym studiu pod Warszaw\u0105 &#8211; w Szeligach.<\/p>\n<p>Ostatni\u0105, 10. edycj\u0119 &#8222;Ta\u0144ca z gwiazdami&#8221; ogl\u0105da\u0142o \u015brednio 4,86 mln widz&oacute;w, a udzia\u0142 stacji w rynku w czasie jego emisji ukszta\u0142towa\u0142 si\u0119 na poziomie 29,62 proc. Wp\u0142ywy z reklam wynios\u0142y 47 mln z\u0142.<\/p>\n<p>Program jest emitowany przez TVN od wiosny 2005 r. Do tej pory najlepiej ogl\u0105dana by\u0142a trzecia ods\u0142ona show, kt&oacute;ra zgromadzi\u0142a przed telewizorami \u015brednio 6,7 mln widz&oacute;w. Z kolei najmniejsz\u0105 popularno\u015bci\u0105 cieszy\u0142a si\u0119 pierwsza edycja programu, kt&oacute;ra zainteresowa\u0142a \u015brednio 3,35 mln widz&oacute;w.<\/p>\n","protected":false},"excerpt":{"rendered":"7 marca br. w TVN rusza 11. edycja &#8222;Ta\u0144ca z gwiazdami&#8221;. Na parkiecie pojawi\u0105 si\u0119 m.in. Julia Kami\u0144ska, Artur Barci\u015b i Przemys\u0142aw Saleta.","protected":false},"author":1,"featured_media":28475,"comment_status":"open","ping_status":"closed","sticky":false,"template":"","format":"standard","meta":{"csco_display_header_overlay":false,"csco_singular_sidebar":"","csco_page_header_type":"","csco_page_load_nextpost":"","csco_post_video_location":[],"csco_post_video_location_hash":"","csco_post_video_url":"","csco_post_video_bg_start_time":0,"csco_post_video_bg_end_time":0,"footnotes":""},"categories":[9670],"tags":[1164,98],"class_list":{"0":"post-28474","1":"post","2":"type-post","3":"status-publish","4":"format-standard","5":"has-post-thumbnail","7":"category-tv","8":"tag-taniec-z-gwiazdami","9":"tag-tvn","10":"cs-entry","11":"cs-video-wrap"},"_links":{"self":[{"href":"https:\/\/mediarun.com\/pl\/wp-json\/wp\/v2\/posts\/28474","targetHints":{"allow":["GET"]}}],"collection":[{"href":"https:\/\/mediarun.com\/pl\/wp-json\/wp\/v2\/posts"}],"about":[{"href":"https:\/\/mediarun.com\/pl\/wp-json\/wp\/v2\/types\/post"}],"author":[{"embeddable":true,"href":"https:\/\/mediarun.com\/pl\/wp-json\/wp\/v2\/users\/1"}],"replies":[{"embeddable":true,"href":"https:\/\/mediarun.com\/pl\/wp-json\/wp\/v2\/comments?post=28474"}],"version-history":[{"count":0,"href":"https:\/\/mediarun.com\/pl\/wp-json\/wp\/v2\/posts\/28474\/revisions"}],"wp:featuredmedia":[{"embeddable":true,"href":"https:\/\/mediarun.com\/pl\/wp-json\/wp\/v2\/media\/28475"}],"wp:attachment":[{"href":"https:\/\/mediarun.com\/pl\/wp-json\/wp\/v2\/media?parent=28474"}],"wp:term":[{"taxonomy":"category","embeddable":true,"href":"https:\/\/mediarun.com\/pl\/wp-json\/wp\/v2\/categories?post=28474"},{"taxonomy":"post_tag","embeddable":true,"href":"https:\/\/mediarun.com\/pl\/wp-json\/wp\/v2\/tags?post=28474"}],"curies":[{"name":"wp","href":"https:\/\/api.w.org\/{rel}","templated":true}]}}