{"id":28466,"date":"2010-02-23T14:44:00","date_gmt":"2010-02-23T13:44:00","guid":{"rendered":"https:\/\/mediarun.com\/index.php\/news-posts\/ponad-9-mln-widzow-kibicowalo-malyszowi\/"},"modified":"2010-02-23T14:44:00","modified_gmt":"2010-02-23T13:44:00","slug":"ponad-9-mln-widzow-kibicowalo-malyszowi","status":"publish","type":"post","link":"https:\/\/mediarun.com\/pl\/media\/tv\/ponad-9-mln-widzow-kibicowalo-malyszowi.html","title":{"rendered":"Ponad 9 mln widz\u00f3w kibicowa\u0142o Ma\u0142yszowi"},"content":{"rendered":"<p>Wed\u0142ug danych TNS OBOP, wi\u0119cej widz&oacute;w przyci\u0105gn\u0119\u0142a druga seria tych zawod&oacute;w, kt&oacute;r\u0105 ogl\u0105da\u0142o 9,1 mln Polak&oacute;w i  58 proc. rodak&oacute;w zasiadaj\u0105cych w tym czasie przed telewizorami.<\/p>\n<p>Z kolei wczorajsze olimpijskie zmagania polskich skoczk&oacute;w konkursie dru\u017cynowym \u015bledzi\u0142o \u015brednio 5,6 mln Polak&oacute;w (udzia\u0142y 35 proc.).<\/p>\n","protected":false},"excerpt":{"rendered":"Sobotni\u0105 transmisj\u0119 zawod&oacute;w w skokach narciarskich w Vancouver w TVP1, podczas kt&oacute;rych Adam Ma\u0142ysz zdoby\u0142 srebrny medal, ogl\u0105da\u0142o \u015brednio 8,5 mln Polak&oacute;w.","protected":false},"author":1,"featured_media":28467,"comment_status":"open","ping_status":"closed","sticky":false,"template":"","format":"standard","meta":{"csco_display_header_overlay":false,"csco_singular_sidebar":"","csco_page_header_type":"","csco_page_load_nextpost":"","csco_post_video_location":[],"csco_post_video_location_hash":"","csco_post_video_url":"","csco_post_video_bg_start_time":0,"csco_post_video_bg_end_time":0,"footnotes":""},"categories":[9670],"tags":[1113,1392,558],"class_list":{"0":"post-28466","1":"post","2":"type-post","3":"status-publish","4":"format-standard","5":"has-post-thumbnail","7":"category-tv","8":"tag-ogladalnosc","9":"tag-tns-obop","10":"tag-tvp1","11":"cs-entry","12":"cs-video-wrap"},"_links":{"self":[{"href":"https:\/\/mediarun.com\/pl\/wp-json\/wp\/v2\/posts\/28466","targetHints":{"allow":["GET"]}}],"collection":[{"href":"https:\/\/mediarun.com\/pl\/wp-json\/wp\/v2\/posts"}],"about":[{"href":"https:\/\/mediarun.com\/pl\/wp-json\/wp\/v2\/types\/post"}],"author":[{"embeddable":true,"href":"https:\/\/mediarun.com\/pl\/wp-json\/wp\/v2\/users\/1"}],"replies":[{"embeddable":true,"href":"https:\/\/mediarun.com\/pl\/wp-json\/wp\/v2\/comments?post=28466"}],"version-history":[{"count":0,"href":"https:\/\/mediarun.com\/pl\/wp-json\/wp\/v2\/posts\/28466\/revisions"}],"wp:featuredmedia":[{"embeddable":true,"href":"https:\/\/mediarun.com\/pl\/wp-json\/wp\/v2\/media\/28467"}],"wp:attachment":[{"href":"https:\/\/mediarun.com\/pl\/wp-json\/wp\/v2\/media?parent=28466"}],"wp:term":[{"taxonomy":"category","embeddable":true,"href":"https:\/\/mediarun.com\/pl\/wp-json\/wp\/v2\/categories?post=28466"},{"taxonomy":"post_tag","embeddable":true,"href":"https:\/\/mediarun.com\/pl\/wp-json\/wp\/v2\/tags?post=28466"}],"curies":[{"name":"wp","href":"https:\/\/api.w.org\/{rel}","templated":true}]}}