{"id":28446,"date":"2010-02-24T11:12:03","date_gmt":"2010-02-24T10:12:03","guid":{"rendered":"https:\/\/mediarun.com\/index.php\/news-posts\/tv-puls-bez-zakonu-franciszkanow\/"},"modified":"2010-02-24T11:12:03","modified_gmt":"2010-02-24T10:12:03","slug":"tv-puls-bez-zakonu-franciszkanow","status":"publish","type":"post","link":"https:\/\/mediarun.com\/pl\/media\/tv\/tv-puls-bez-zakonu-franciszkanow.html","title":{"rendered":"TV Puls bez zakonu franciszkan\u00f3w"},"content":{"rendered":"<p>D\u0105bski, do kt&oacute;rego nale\u017ca\u0142o 75 proc. TV Puls, przej\u0105\u0142 od oo. franciszkan&oacute;w 25 proc. jej udzia\u0142&oacute;w. &#8211; Warto\u015b\u0107 stacji wyceniam na 100 mln z\u0142, ale nie chcia\u0142bym m&oacute;wi\u0107 o cenie zap\u0142aconej za udzia\u0142y. To poufne informacje &#8211; m&oacute;wi Rzeczpospolitej.<\/p>\n<p>Wi\u0119cej na <a href=\"http:\/\/http:\/\/www.rzeczpospolita.pl\/\">http:\/\/www.rzeczpospolita.pl\/<\/a><\/p>\n","protected":false},"excerpt":{"rendered":"Jedynym w\u0142a\u015bcicielem stacji zosta\u0142 jej prezes, Dariusz D\u0105bski, kt&oacute;ry nie wyklucza odsprzedania swoich udzia\u0142&oacute;w albo debiutu gie\u0142dowego TV Puls.","protected":false},"author":1,"featured_media":28447,"comment_status":"open","ping_status":"closed","sticky":false,"template":"","format":"standard","meta":{"csco_display_header_overlay":false,"csco_singular_sidebar":"","csco_page_header_type":"","csco_page_load_nextpost":"","csco_post_video_location":[],"csco_post_video_location_hash":"","csco_post_video_url":"","csco_post_video_bg_start_time":0,"csco_post_video_bg_end_time":0,"footnotes":""},"categories":[9670],"tags":[461],"class_list":{"0":"post-28446","1":"post","2":"type-post","3":"status-publish","4":"format-standard","5":"has-post-thumbnail","7":"category-tv","8":"tag-tv-puls","9":"cs-entry","10":"cs-video-wrap"},"_links":{"self":[{"href":"https:\/\/mediarun.com\/pl\/wp-json\/wp\/v2\/posts\/28446","targetHints":{"allow":["GET"]}}],"collection":[{"href":"https:\/\/mediarun.com\/pl\/wp-json\/wp\/v2\/posts"}],"about":[{"href":"https:\/\/mediarun.com\/pl\/wp-json\/wp\/v2\/types\/post"}],"author":[{"embeddable":true,"href":"https:\/\/mediarun.com\/pl\/wp-json\/wp\/v2\/users\/1"}],"replies":[{"embeddable":true,"href":"https:\/\/mediarun.com\/pl\/wp-json\/wp\/v2\/comments?post=28446"}],"version-history":[{"count":0,"href":"https:\/\/mediarun.com\/pl\/wp-json\/wp\/v2\/posts\/28446\/revisions"}],"wp:featuredmedia":[{"embeddable":true,"href":"https:\/\/mediarun.com\/pl\/wp-json\/wp\/v2\/media\/28447"}],"wp:attachment":[{"href":"https:\/\/mediarun.com\/pl\/wp-json\/wp\/v2\/media?parent=28446"}],"wp:term":[{"taxonomy":"category","embeddable":true,"href":"https:\/\/mediarun.com\/pl\/wp-json\/wp\/v2\/categories?post=28446"},{"taxonomy":"post_tag","embeddable":true,"href":"https:\/\/mediarun.com\/pl\/wp-json\/wp\/v2\/tags?post=28446"}],"curies":[{"name":"wp","href":"https:\/\/api.w.org\/{rel}","templated":true}]}}