{"id":28036,"date":"2010-03-08T13:10:18","date_gmt":"2010-03-08T12:10:18","guid":{"rendered":"https:\/\/mediarun.com\/index.php\/news-posts\/23-mln-widzow-ogladalo-spiewaj-i-walcz\/"},"modified":"2010-03-08T13:10:18","modified_gmt":"2010-03-08T12:10:18","slug":"23-mln-widzow-ogladalo-spiewaj-i-walcz","status":"publish","type":"post","link":"https:\/\/mediarun.com\/pl\/media\/tv\/23-mln-widzow-ogladalo-spiewaj-i-walcz.html","title":{"rendered":"2,3 mln widz\u00f3w ogl\u0105da\u0142o &#8222;\u015apiewaj i walcz&#8221;"},"content":{"rendered":"<p>Premierowy odcinek programu zosta\u0142 wyemitowany 5 marca o godz. 20.25. W tym czasie Jedynk\u0119 ogl\u0105da\u0142o \u015brednio 2,36 mln os&oacute;b, kt&oacute;re stanowi\u0142y 14,58 proc. widowni zgromadzonej w tym czasie przed odbiornikami (w grupie wszyscy 4+).<\/p>\n<p>Wynik ten ulokowa\u0142 stacj\u0119 na trzeciej pozycji pod wzgl\u0119dem ogl\u0105dalno\u015bci w wieczornym pa\u015bmie. Pozycj\u0119 lidera mia\u0142a w tym czasie Dw&oacute;jka (serial &#8222;Na dobre i na z\u0142e&#8221;), kt&oacute;r\u0105 wybra\u0142o \u015brednio 4,03 mln os&oacute;b, 24,86 proc. widowni. Na drugim miejscu znalaz\u0142 si\u0119 Polsat (&#8222;Alvin i wiewi&oacute;rki&#8221;), kt&oacute;ry zainteresowa\u0142 \u015brednio 22,17 proc. widowni, a czwarte miejsce nale\u017ca\u0142o do TVN (pasmo Superkino: &#8222;King Kong&#8221;) z 14,48 proc. udzia\u0142u w rynku.<\/p>\n<p>Nowy program Jedynki &#8222;\u015apiewaj i walcz&#8221; ma za zadanie wy\u0142oni\u0107 najciekawszych i najzdolniejszych debiutant&oacute;w, kt&oacute;rzy wyst\u0105pi\u0105 podczas Festiwalu Piosenki Polskiej w Opolu w ramach Koncertu Debiuty. Trzyosobowe jury &#8211; Krystyna Pro\u0144ko, Marek Ko\u015bcikiewicz i Mark Typer &#8211; pomog\u0105 widzom wyborze finalist&oacute;w. Prowadz\u0105cymi s\u0105 Aleksandra Rosiak i Artur Orzech. Program jest emitowany w pi\u0105tki ok godz. 20.15.<\/p>\n","protected":false},"excerpt":{"rendered":"Pierwszy odcinek nowego programu rozrywkowego TVP1 &#8222;\u015apiewaj i walcz&#8221; przyci\u0105gn\u0105\u0142 przed telewizory 2,36 mln widz&oacute;w.","protected":false},"author":1,"featured_media":28037,"comment_status":"open","ping_status":"closed","sticky":false,"template":"","format":"standard","meta":{"csco_display_header_overlay":false,"csco_singular_sidebar":"","csco_page_header_type":"","csco_page_load_nextpost":"","csco_post_video_location":[],"csco_post_video_location_hash":"","csco_post_video_url":"","csco_post_video_bg_start_time":0,"csco_post_video_bg_end_time":0,"footnotes":""},"categories":[9670],"tags":[2186,1113,558],"class_list":{"0":"post-28036","1":"post","2":"type-post","3":"status-publish","4":"format-standard","5":"has-post-thumbnail","7":"category-tv","8":"tag-agb-nmr","9":"tag-ogladalnosc","10":"tag-tvp1","11":"cs-entry","12":"cs-video-wrap"},"_links":{"self":[{"href":"https:\/\/mediarun.com\/pl\/wp-json\/wp\/v2\/posts\/28036","targetHints":{"allow":["GET"]}}],"collection":[{"href":"https:\/\/mediarun.com\/pl\/wp-json\/wp\/v2\/posts"}],"about":[{"href":"https:\/\/mediarun.com\/pl\/wp-json\/wp\/v2\/types\/post"}],"author":[{"embeddable":true,"href":"https:\/\/mediarun.com\/pl\/wp-json\/wp\/v2\/users\/1"}],"replies":[{"embeddable":true,"href":"https:\/\/mediarun.com\/pl\/wp-json\/wp\/v2\/comments?post=28036"}],"version-history":[{"count":0,"href":"https:\/\/mediarun.com\/pl\/wp-json\/wp\/v2\/posts\/28036\/revisions"}],"wp:featuredmedia":[{"embeddable":true,"href":"https:\/\/mediarun.com\/pl\/wp-json\/wp\/v2\/media\/28037"}],"wp:attachment":[{"href":"https:\/\/mediarun.com\/pl\/wp-json\/wp\/v2\/media?parent=28036"}],"wp:term":[{"taxonomy":"category","embeddable":true,"href":"https:\/\/mediarun.com\/pl\/wp-json\/wp\/v2\/categories?post=28036"},{"taxonomy":"post_tag","embeddable":true,"href":"https:\/\/mediarun.com\/pl\/wp-json\/wp\/v2\/tags?post=28036"}],"curies":[{"name":"wp","href":"https:\/\/api.w.org\/{rel}","templated":true}]}}