{"id":27956,"date":"2010-03-10T11:26:06","date_gmt":"2010-03-10T10:26:06","guid":{"rendered":"https:\/\/mediarun.com\/index.php\/news-posts\/polityka-wydaje-drugi-niezbednik-inteligenta-plus\/"},"modified":"2010-03-10T11:26:06","modified_gmt":"2010-03-10T10:26:06","slug":"polityka-wydaje-drugi-niezbednik-inteligenta-plus","status":"publish","type":"post","link":"https:\/\/mediarun.com\/pl\/media\/prasa\/polityka-wydaje-drugi-niezbednik-inteligenta-plus.html","title":{"rendered":"Polityka wydaje drugi Niezb\u0119dnik Inteligenta Plus"},"content":{"rendered":"<p>Niezb\u0119dnik Inteligenta Plus to cykl specjalnych publikacji Polityki Sp&oacute;\u0142dzielni Pracy, czerpi\u0105cych z publicystyki i eseistyki &#8222;Niezb\u0119dnika Inteligenta&#8221;, dodatku do tygodnika Polityka ukazuj\u0105cego si\u0119 w ci\u0105gu minionych 5 lat (18 wyda\u0144).<\/p>\n<p>W drugim ju\u017c wydaniu Niezb\u0119dnika Inteligenta Plus znajdzie si\u0119 kilkadziesi\u0105t obszernych tekst&oacute;w poszukuj\u0105cych odpowiedzi na tytu\u0142owe, najbardziej pal\u0105ce pytania naszych czas&oacute;w. Podj\u0119te zosta\u0142y mi\u0119dzy innymi takie tematy jak: zmiany klimatyczne, s\u0142abo\u015bci kapitalizmu, zagro\u017cenie terroryzmem, znaczenie internetu w naszym \u017cyciu, \u0142ad \u015bwiatowy, rozdro\u017ca demokracji. Publikacj\u0119 zamyka wywiad Jacka \u017bakowskiego z prof. Leszkiem Ko\u0142akowskim, kt&oacute;ry opowiedzia\u0142 w nim, co naprawd\u0119 jest wa\u017cne w \u017cyciu.<\/p>\n<p>Niezb\u0119dnik Inteligenta Plus &#8222;10 najwa\u017cniejszych pyta\u0144 \u015bwiata&#8221; b\u0119dzie mia\u0142 132 strony obj\u0119to\u015bci i format 215 x 285 mm. Uka\u017ce si\u0119 w cenie 16,99 z\u0142 w nak\u0142adzie 50 tys. egzemplarzy. B\u0119dzie do kupienia w wybranych punktach sprzeda\u017cy prasy i sklepie internetowym <a href=\"http:\/\/www.skleppolityki.pl\" target=\"_blank\" rel=\"noopener\">www.skleppolityki.pl<\/a>.<\/p>\n<p>Wydanie b\u0119dzie promowane w telewizji  (TVN24, TVN Kultura, Discovery Channel, Discovery World oraz w stacjach z pakietu AtMedia m.in. Zone Europa, National Geographic, Hallmark, AXN, Planete, Kino Polska, Ale Kino, Kuchnia.tv), w radiu (Radio Tok FM, Radio PiN, Program III Polskiego Radia) oraz w Polityce i Forum. Za kreacj\u0119 spotu telewizyjnego odpowiada agencja Adah Advertising, media zaplanowa\u0142 i kupi\u0142 dom mediowy Starcom.<\/p>\n","protected":false},"excerpt":{"rendered":"W \u015brod\u0119 17 marca br. w sprzeda\u017cy pojawi si\u0119 Niezb\u0119dnik Inteligenta Plus zatytu\u0142owany &#8222;10 najwa\u017cniejszych pyta\u0144 \u015bwiata&#8221;.","protected":false},"author":1,"featured_media":27957,"comment_status":"open","ping_status":"closed","sticky":false,"template":"","format":"standard","meta":{"csco_display_header_overlay":false,"csco_singular_sidebar":"","csco_page_header_type":"","csco_page_load_nextpost":"","csco_post_video_location":[],"csco_post_video_location_hash":"","csco_post_video_url":"","csco_post_video_bg_start_time":0,"csco_post_video_bg_end_time":0,"footnotes":""},"categories":[9673],"tags":[767],"class_list":{"0":"post-27956","1":"post","2":"type-post","3":"status-publish","4":"format-standard","5":"has-post-thumbnail","7":"category-prasa","8":"tag-polityka","9":"cs-entry","10":"cs-video-wrap"},"_links":{"self":[{"href":"https:\/\/mediarun.com\/pl\/wp-json\/wp\/v2\/posts\/27956","targetHints":{"allow":["GET"]}}],"collection":[{"href":"https:\/\/mediarun.com\/pl\/wp-json\/wp\/v2\/posts"}],"about":[{"href":"https:\/\/mediarun.com\/pl\/wp-json\/wp\/v2\/types\/post"}],"author":[{"embeddable":true,"href":"https:\/\/mediarun.com\/pl\/wp-json\/wp\/v2\/users\/1"}],"replies":[{"embeddable":true,"href":"https:\/\/mediarun.com\/pl\/wp-json\/wp\/v2\/comments?post=27956"}],"version-history":[{"count":0,"href":"https:\/\/mediarun.com\/pl\/wp-json\/wp\/v2\/posts\/27956\/revisions"}],"wp:featuredmedia":[{"embeddable":true,"href":"https:\/\/mediarun.com\/pl\/wp-json\/wp\/v2\/media\/27957"}],"wp:attachment":[{"href":"https:\/\/mediarun.com\/pl\/wp-json\/wp\/v2\/media?parent=27956"}],"wp:term":[{"taxonomy":"category","embeddable":true,"href":"https:\/\/mediarun.com\/pl\/wp-json\/wp\/v2\/categories?post=27956"},{"taxonomy":"post_tag","embeddable":true,"href":"https:\/\/mediarun.com\/pl\/wp-json\/wp\/v2\/tags?post=27956"}],"curies":[{"name":"wp","href":"https:\/\/api.w.org\/{rel}","templated":true}]}}