{"id":27954,"date":"2010-03-10T11:27:52","date_gmt":"2010-03-10T10:27:52","guid":{"rendered":"https:\/\/mediarun.com\/index.php\/news-posts\/sar-zapowiada-zmiany\/"},"modified":"2010-03-10T11:27:52","modified_gmt":"2010-03-10T10:27:52","slug":"sar-zapowiada-zmiany","status":"publish","type":"post","link":"https:\/\/mediarun.com\/pl\/trendy\/branding\/sar-zapowiada-zmiany.html","title":{"rendered":"SAR zapowiada zmiany"},"content":{"rendered":"<p>Zmiany zosta\u0142y jednog\u0142o\u015bnie przyj\u0119te podczas ostatniego walnego zgromadzenia cz\u0142onk&oacute;w SAR i Zwi\u0105zku Agencji Reklamowych, kt&oacute;re odby\u0142o si\u0119 8 marca w Muzeum Sztuki Nowoczesnej.<\/p>\n<p>&nbsp;<\/p>\n<p>W wyniku g\u0142osowania cz\u0142onk&oacute;w, podczas Walnego zgromadzenia, zaproponowano, a nast\u0119pnie przyj\u0119to nast\u0119puj\u0105ce zmiany:<\/p>\n<p>&#8211; wdro\u017cenie i realizacj\u0119 nowej strategii biznesowej SAR, kt&oacute;ra b\u0119dzie realizowa\u0142a strategi\u0119 dywersyfikacji przychod&oacute;w (wyj\u015bcie na rynek Europy \u015arodkowo-Wschodniej, pozyskanie \u015brodk&oacute;w Unijnych, sprzeda\u017c kurs&oacute;w Online);<\/p>\n<p>&#8211; animacja \u015brodowiska i zaanga\u017cowanie Cz\u0142onk&oacute;w do prac w ramach grup roboczych (m.in.: obszary z zakresu digitalizacji, projekty spo\u0142eczne, projekty badawcze, Izby Handlowe, przetargi &#8211; s\u0105dy kole\u017ce\u0144skie);<\/p>\n<p>&#8211; skuteczne alianse strategiczne i efektywniejsze wykorzystanie ju\u017c posiadanych (wsp&oacute;\u0142praca z IAB &ndash; powo\u0142anie komitetu ds. wsp&oacute;\u0142pracy, wzajemnej reprezentacji i standaryzacji bada\u0144; wsp&oacute;\u0142praca z klientami i ustawodawc\u0105 w ramach PKPP Lewiatan; wsp&oacute;\u0142praca z nowo powstaj\u0105cym stowarzyszeniem marketer&oacute;w);<\/p>\n<p>&#8211; komunikacja wewn\u0119trzna i zewn\u0119trzna, w tym repozycjonowanie marki SAR;<\/p>\n<p>&#8211; lepsza alokacja zasob&oacute;w i jasny podzia\u0142 zada\u0144 pomi\u0119dzy Zarz\u0105d, Rad\u0119 Nadzorcz\u0105, a biuro SAR.<\/p>\n<p>Dodatkowym elementem, omawianym podczas spotkania, by\u0142a konieczno\u015b\u0107 wyegzekwowania i bezwzgl\u0119dnego przestrzegania standard&oacute;w przetargowych. W ramach projektu od\u015bwie\u017cono zasady funkcjonowania w realiach przetargowych, ustalono m.in.:<\/p>\n<p>&#8211; wpisywanie si\u0119 na stron\u0119 przetargow\u0105 jest obowi\u0105zkiem ka\u017cdego cz\u0142onka SAR i firm nale\u017c\u0105cych do jego grupy (odej\u015bcie od zalece\u0144, a wprowadzenie wymog&oacute;w obowi\u0105zku, id\u0105c za przyk\u0142adem grupy Brand Design);<\/p>\n<p>&#8211; Cz\u0142onek SAR jest zobowi\u0105zany do odmowy przyst\u0105pienia do przetargu &nbsp;niezgodnego z przyjetymi zasadmi (specjalnie dedykowana do tych prac grupa robocza przy S\u0105dzie Kole\u017ce\u0144skim, b\u0119dzie pracowa\u0142a nad szczeg&oacute;\u0142ami zasad);<\/p>\n<p>&#8211; brak informacji o udziale &nbsp;w przetargu, b\u0119dzie karalny, w\u0142\u0105cznie z wykluczeniem ze Stowarzyszenia.<\/p>\n<p>W trakcie walnego zgromadzenie powo\u0142ano nowy zarz\u0105d, w sk\u0142ad kt&oacute;rego wchodz\u0105; Anna Lubowska &#8211; prezes zarz\u0105du, Beata Mo\u0144ka, S\u0142awomir St\u0119pniewski, Cezary Anto\u0144, Kot Przybora, Marcin Barcz, Rafa\u0142 Ciszewski oraz Rad\u0119 Nadzorcz\u0105, kt&oacute;r\u0105 tworz\u0105: Agnieszka Kosik, Pawe\u0142 Kastory, Christian Lainer &#8211; cz\u0142onkowie zarz\u0105du.&nbsp;<\/p>\n<p>&nbsp;<\/p>\n<p>Do s\u0105du kole\u017ce\u0144skiego powo\u0142ano Jakuba Kami\u0144skiego, Olgierda Cygana, Izabel\u0119 Albrychiewicz, Marka Garga\u0142\u0119 i Macieja Korobacza.<\/p>\n<p>Walne zgromadzenie przyj\u0119\u0142o tak\u017ce nowe agencje Ambient Polska, Digital One i White Rabbit w poczet cz\u0142onk&oacute;w.<\/p>\n<p>Ponadto zarz\u0105d wraz z biurem SAR przedstawi\u0142 podsumowanie najwa\u017cniejszych, zrealizowanych projekt&oacute;w w 2009 roku.<\/p>\n","protected":false},"excerpt":{"rendered":"Przyj\u0119to wniosek zwi\u0105zany z repozycjonowaniem roli Stowarzyszenia Agencji Reklamowych i now\u0105 strategi\u0105 organizacji.","protected":false},"author":1,"featured_media":27955,"comment_status":"open","ping_status":"closed","sticky":false,"template":"","format":"standard","meta":{"csco_display_header_overlay":false,"csco_singular_sidebar":"","csco_page_header_type":"","csco_page_load_nextpost":"","csco_post_video_location":[],"csco_post_video_location_hash":"","csco_post_video_url":"","csco_post_video_bg_start_time":0,"csco_post_video_bg_end_time":0,"footnotes":""},"categories":[9658],"tags":[144],"class_list":{"0":"post-27954","1":"post","2":"type-post","3":"status-publish","4":"format-standard","5":"has-post-thumbnail","7":"category-branding","8":"tag-sar","9":"cs-entry","10":"cs-video-wrap"},"_links":{"self":[{"href":"https:\/\/mediarun.com\/pl\/wp-json\/wp\/v2\/posts\/27954","targetHints":{"allow":["GET"]}}],"collection":[{"href":"https:\/\/mediarun.com\/pl\/wp-json\/wp\/v2\/posts"}],"about":[{"href":"https:\/\/mediarun.com\/pl\/wp-json\/wp\/v2\/types\/post"}],"author":[{"embeddable":true,"href":"https:\/\/mediarun.com\/pl\/wp-json\/wp\/v2\/users\/1"}],"replies":[{"embeddable":true,"href":"https:\/\/mediarun.com\/pl\/wp-json\/wp\/v2\/comments?post=27954"}],"version-history":[{"count":0,"href":"https:\/\/mediarun.com\/pl\/wp-json\/wp\/v2\/posts\/27954\/revisions"}],"wp:featuredmedia":[{"embeddable":true,"href":"https:\/\/mediarun.com\/pl\/wp-json\/wp\/v2\/media\/27955"}],"wp:attachment":[{"href":"https:\/\/mediarun.com\/pl\/wp-json\/wp\/v2\/media?parent=27954"}],"wp:term":[{"taxonomy":"category","embeddable":true,"href":"https:\/\/mediarun.com\/pl\/wp-json\/wp\/v2\/categories?post=27954"},{"taxonomy":"post_tag","embeddable":true,"href":"https:\/\/mediarun.com\/pl\/wp-json\/wp\/v2\/tags?post=27954"}],"curies":[{"name":"wp","href":"https:\/\/api.w.org\/{rel}","templated":true}]}}