{"id":27576,"date":"2010-03-23T13:59:21","date_gmt":"2010-03-23T12:59:21","guid":{"rendered":"https:\/\/mediarun.com\/index.php\/news-posts\/dorota-wellman-twarza-nowej-claudii\/"},"modified":"2010-03-23T13:59:21","modified_gmt":"2010-03-23T12:59:21","slug":"dorota-wellman-twarza-nowej-claudii","status":"publish","type":"post","link":"https:\/\/mediarun.com\/pl\/media\/prasa\/dorota-wellman-twarza-nowej-claudii.html","title":{"rendered":"Dorota Wellman twarz\u0105 nowej Claudii"},"content":{"rendered":"<p>&#8211; Dorota Wellman idealnie pasuje do wizerunku nowej Claudii &#8211; m&oacute;wi redaktor naczelna magazynu Justyna Szawdyn. &#8211; Wyznaje podobn\u0105 do naszego magazynu filozofi\u0119 \u017cyciow\u0105 &#8211; jest dojrza\u0142\u0105, \u015bwiadom\u0105 siebie kobiet\u0105, w pe\u0142ni akceptuj\u0105c\u0105 siebie, a jednocze\u015bnie &#8211; pe\u0142na energii, ciekawa otaczaj\u0105cego j\u0105 \u015bwiata. A taka w\u0142a\u015bnie jest nowa Claudia &#8211; dodaje.<\/p>\n<p>&#8211; Dorota Wellman jest czytelniczk\u0105 Claudii, wi\u0119c jej wyb&oacute;r na ambasadork\u0119 magazynu by\u0142 dla nas naturalny &#8211; m&oacute;wi wydawca Agnieszka Dole\u017cych. Cenimy jej warsztat dziennikarski i uznane nazwisko w bran\u017cy, dlatego bardzo si\u0119 cieszymy, \u017ce zgodzi\u0142a si\u0119 u\u017cyczy\u0107 swojego wizerunku w kampanii promocyjnej &#8211; dodaje.<\/p>\n","protected":false},"excerpt":{"rendered":"Twarz\u0105 debiutuj\u0105cej z numerem majowym nowej Claudii zosta\u0142a Dorota Wellman, dziennikarka telewizyjna i prasowa.","protected":false},"author":1,"featured_media":27577,"comment_status":"open","ping_status":"closed","sticky":false,"template":"","format":"standard","meta":{"csco_display_header_overlay":false,"csco_singular_sidebar":"","csco_page_header_type":"","csco_page_load_nextpost":"","csco_post_video_location":[],"csco_post_video_location_hash":"","csco_post_video_url":"","csco_post_video_bg_start_time":0,"csco_post_video_bg_end_time":0,"footnotes":""},"categories":[9673],"tags":[1138],"class_list":{"0":"post-27576","1":"post","2":"type-post","3":"status-publish","4":"format-standard","5":"has-post-thumbnail","7":"category-prasa","8":"tag-claudia","9":"cs-entry","10":"cs-video-wrap"},"_links":{"self":[{"href":"https:\/\/mediarun.com\/pl\/wp-json\/wp\/v2\/posts\/27576","targetHints":{"allow":["GET"]}}],"collection":[{"href":"https:\/\/mediarun.com\/pl\/wp-json\/wp\/v2\/posts"}],"about":[{"href":"https:\/\/mediarun.com\/pl\/wp-json\/wp\/v2\/types\/post"}],"author":[{"embeddable":true,"href":"https:\/\/mediarun.com\/pl\/wp-json\/wp\/v2\/users\/1"}],"replies":[{"embeddable":true,"href":"https:\/\/mediarun.com\/pl\/wp-json\/wp\/v2\/comments?post=27576"}],"version-history":[{"count":0,"href":"https:\/\/mediarun.com\/pl\/wp-json\/wp\/v2\/posts\/27576\/revisions"}],"wp:featuredmedia":[{"embeddable":true,"href":"https:\/\/mediarun.com\/pl\/wp-json\/wp\/v2\/media\/27577"}],"wp:attachment":[{"href":"https:\/\/mediarun.com\/pl\/wp-json\/wp\/v2\/media?parent=27576"}],"wp:term":[{"taxonomy":"category","embeddable":true,"href":"https:\/\/mediarun.com\/pl\/wp-json\/wp\/v2\/categories?post=27576"},{"taxonomy":"post_tag","embeddable":true,"href":"https:\/\/mediarun.com\/pl\/wp-json\/wp\/v2\/tags?post=27576"}],"curies":[{"name":"wp","href":"https:\/\/api.w.org\/{rel}","templated":true}]}}