{"id":27460,"date":"2010-03-26T20:56:40","date_gmt":"2010-03-26T19:56:40","guid":{"rendered":"https:\/\/mediarun.com\/index.php\/news-posts\/gazeta-wyborcza-zaprasza-do-aktywnego-wypoczynku\/"},"modified":"2010-03-26T20:56:40","modified_gmt":"2010-03-26T19:56:40","slug":"gazeta-wyborcza-zaprasza-do-aktywnego-wypoczynku","status":"publish","type":"post","link":"https:\/\/mediarun.com\/pl\/media\/prasa\/gazeta-wyborcza-zaprasza-do-aktywnego-wypoczynku.html","title":{"rendered":"Gazeta Wyborcza zaprasza do aktywnego wypoczynku"},"content":{"rendered":"<p>Pierwsza edycja akcji &#8222;Polska na rowery&#8221; rozpocz\u0119\u0142a si\u0119 w po\u0142owie marca publikacjami na \u0142amach Gazety Wyborczej i Sport.pl. Punktem kulminacyjnym wiosennego cyklu b\u0119dzie weekend rowerowy, \u0142\u0105cz\u0105cy fan&oacute;w jazdy na rowerze w ca\u0142ej Polsce w dniach 17-18 kwietnia 2010 r.<\/p>\n<p>&#8222;Polska na rowery&#8221; ma zmobilizowa\u0107 samorz\u0105dy lokalne, szko\u0142y i wszystkich pasjonat&oacute;w dw&oacute;ch k&oacute;\u0142ek, by w kwietniowy weekend zorganizowali rajdy rowerowe. Imprezy mo\u017cna zg\u0142asza\u0107 na stronie&nbsp;<a rel=\"nofollow noopener\" href=\"http:\/\/www.polskanarowery.pl\" target=\"_blank\">www.polskanarowery.pl<\/a>. W miar\u0119 rejestrowania imprez powstawa\u0107 b\u0119dzie wirtualna &#8222;rowerowa mapa Polski&#8221; &#8211; dzi\u0119ki niej ka\u017cdy ch\u0119tny sprawdzi, gdzie w okolicy mo\u017ce wystartowa\u0107 17 i 18 kwietnia.<\/p>\n<p>W walce o zdrowie i \u015bwietn\u0105 zabaw\u0119 organizator&oacute;w akcji wspiera kadra Polski w kolarstwie g&oacute;rskim: Maja W\u0142oszczowska, Aleksandra Dawidowicz, Magda Sad\u0142ecka i trener Andrzej Pi\u0105tek.<\/p>\n<p>13 marca w Gazecie Wyborczej ukaza\u0142 si\u0119 pierwszy artyku\u0142 z &#8222;rowerowego&#8221; cyklu, kt&oacute;ry potrwa do po\u0142owy kwietnia. W kolejnych wydaniach Gazety i na Sport.pl pojawia\u0107 si\u0119 b\u0119d\u0105 materia\u0142y o tym, jak zdrowo i m\u0105drze trenowa\u0107 oraz powody, dla kt&oacute;rych organizatorzy akcji planuj\u0105 &bdquo;rozkr\u0119ci\u0107&#8221; ca\u0142y kraj. Fani wycieczek rowerowych znajd\u0105 te\u017c w tekstach porady, jak przygotowa\u0107 si\u0119 do sezonu, jak wybra\u0107 rower i gdzie je\u017adzi\u0107. Trener naszej kadry, Andrzej Pi\u0105tek odpowie na najciekawsze i najcz\u0119\u015bciej powtarzaj\u0105ce si\u0119 pytania czytelnik&oacute;w.<\/p>\n<p>Akcja &#8222;Polska na rowery&#8221; Gazety Wyborczej i Sport.pl b\u0119dzie prowadzona r&oacute;wnie\u017c w lecie i jesieni\u0105.<\/p>\n","protected":false},"excerpt":{"rendered":"&#8222;Polska na rowery&#8221; &#8211; to has\u0142o nowej akcji Gazety Wyborczej i Sport.pl zach\u0119caj\u0105cej do aktywnego wypoczynku i cz\u0119stszej, korzystnej dla zdrowia jazdy na rowerze.","protected":false},"author":1,"featured_media":27461,"comment_status":"open","ping_status":"closed","sticky":false,"template":"","format":"standard","meta":{"csco_display_header_overlay":false,"csco_singular_sidebar":"","csco_page_header_type":"","csco_page_load_nextpost":"","csco_post_video_location":[],"csco_post_video_location_hash":"","csco_post_video_url":"","csco_post_video_bg_start_time":0,"csco_post_video_bg_end_time":0,"footnotes":""},"categories":[9673],"tags":[202],"class_list":{"0":"post-27460","1":"post","2":"type-post","3":"status-publish","4":"format-standard","5":"has-post-thumbnail","7":"category-prasa","8":"tag-gazeta-wyborcza","9":"cs-entry","10":"cs-video-wrap"},"_links":{"self":[{"href":"https:\/\/mediarun.com\/pl\/wp-json\/wp\/v2\/posts\/27460","targetHints":{"allow":["GET"]}}],"collection":[{"href":"https:\/\/mediarun.com\/pl\/wp-json\/wp\/v2\/posts"}],"about":[{"href":"https:\/\/mediarun.com\/pl\/wp-json\/wp\/v2\/types\/post"}],"author":[{"embeddable":true,"href":"https:\/\/mediarun.com\/pl\/wp-json\/wp\/v2\/users\/1"}],"replies":[{"embeddable":true,"href":"https:\/\/mediarun.com\/pl\/wp-json\/wp\/v2\/comments?post=27460"}],"version-history":[{"count":0,"href":"https:\/\/mediarun.com\/pl\/wp-json\/wp\/v2\/posts\/27460\/revisions"}],"wp:featuredmedia":[{"embeddable":true,"href":"https:\/\/mediarun.com\/pl\/wp-json\/wp\/v2\/media\/27461"}],"wp:attachment":[{"href":"https:\/\/mediarun.com\/pl\/wp-json\/wp\/v2\/media?parent=27460"}],"wp:term":[{"taxonomy":"category","embeddable":true,"href":"https:\/\/mediarun.com\/pl\/wp-json\/wp\/v2\/categories?post=27460"},{"taxonomy":"post_tag","embeddable":true,"href":"https:\/\/mediarun.com\/pl\/wp-json\/wp\/v2\/tags?post=27460"}],"curies":[{"name":"wp","href":"https:\/\/api.w.org\/{rel}","templated":true}]}}