{"id":27214,"date":"2010-04-06T18:54:55","date_gmt":"2010-04-06T16:54:55","guid":{"rendered":"https:\/\/mediarun.com\/index.php\/news-posts\/rok-w-ogrodzie-z-wyborcza\/"},"modified":"2010-04-06T18:54:55","modified_gmt":"2010-04-06T16:54:55","slug":"rok-w-ogrodzie-z-wyborcza","status":"publish","type":"post","link":"https:\/\/mediarun.com\/pl\/media\/prasa\/rok-w-ogrodzie-z-wyborcza.html","title":{"rendered":"&#8222;Rok w ogrodzie&#8221; z Wyborcz\u0105"},"content":{"rendered":"<p>Zeszyty, przygotowane z my\u015bl\u0105 zar&oacute;wno o do\u015bwiadczonych, jak i pocz\u0105tkuj\u0105cych ogrodnikach, podpowiedz\u0105 m.in. kiedy sadzi\u0107, nawozi\u0107 i przycina\u0107 ro\u015bliny ogrodowe, jak je piel\u0119gnowa\u0107 i chroni\u0107. Wydania zawieraj\u0105 porady praktyczne, ciekawostki i zdj\u0119cia oraz wskaz&oacute;wki, kt&oacute;re pomog\u0105 zaplanowa\u0107 prace w ogrodzie na ca\u0142y rok.<\/p>\n<p>Pierwszy zeszyt, opisuj\u0105cy prace ogrodowe wykonywane na pocz\u0105tku wiosny, uka\u017ce si\u0119 wraz z teczk\u0105 do zbierania serii.<\/p>\n<p>Wydania Gazety Wyborczej z zeszytami s\u0105 promowane w stacjach telewizyjnych (TVP, TVN, Polsat oraz stacje tematyczne), w dzienniku Metro, na no\u015bnikach reklamy zewn\u0119trznej AMS oraz poprzez autopromocj\u0119. Kreacj\u0119 kampanii przygotowa\u0142a agencja JIS Advertising, za zakup medi&oacute;w odpowiada\u0142 Starlink.<\/p>\n","protected":false},"excerpt":{"rendered":"Od czwartku, 8 kwietnia, razem z Gazet\u0105 Wyborcz\u0105 ukazywa\u0107 si\u0119 b\u0119dzie seria zeszyt&oacute;w &#8222;Rok w ogrodzie&#8221;.","protected":false},"author":1,"featured_media":27215,"comment_status":"open","ping_status":"closed","sticky":false,"template":"","format":"standard","meta":{"csco_display_header_overlay":false,"csco_singular_sidebar":"","csco_page_header_type":"","csco_page_load_nextpost":"","csco_post_video_location":[],"csco_post_video_location_hash":"","csco_post_video_url":"","csco_post_video_bg_start_time":0,"csco_post_video_bg_end_time":0,"footnotes":""},"categories":[9673],"tags":[202],"class_list":{"0":"post-27214","1":"post","2":"type-post","3":"status-publish","4":"format-standard","5":"has-post-thumbnail","7":"category-prasa","8":"tag-gazeta-wyborcza","9":"cs-entry","10":"cs-video-wrap"},"_links":{"self":[{"href":"https:\/\/mediarun.com\/pl\/wp-json\/wp\/v2\/posts\/27214","targetHints":{"allow":["GET"]}}],"collection":[{"href":"https:\/\/mediarun.com\/pl\/wp-json\/wp\/v2\/posts"}],"about":[{"href":"https:\/\/mediarun.com\/pl\/wp-json\/wp\/v2\/types\/post"}],"author":[{"embeddable":true,"href":"https:\/\/mediarun.com\/pl\/wp-json\/wp\/v2\/users\/1"}],"replies":[{"embeddable":true,"href":"https:\/\/mediarun.com\/pl\/wp-json\/wp\/v2\/comments?post=27214"}],"version-history":[{"count":0,"href":"https:\/\/mediarun.com\/pl\/wp-json\/wp\/v2\/posts\/27214\/revisions"}],"wp:featuredmedia":[{"embeddable":true,"href":"https:\/\/mediarun.com\/pl\/wp-json\/wp\/v2\/media\/27215"}],"wp:attachment":[{"href":"https:\/\/mediarun.com\/pl\/wp-json\/wp\/v2\/media?parent=27214"}],"wp:term":[{"taxonomy":"category","embeddable":true,"href":"https:\/\/mediarun.com\/pl\/wp-json\/wp\/v2\/categories?post=27214"},{"taxonomy":"post_tag","embeddable":true,"href":"https:\/\/mediarun.com\/pl\/wp-json\/wp\/v2\/tags?post=27214"}],"curies":[{"name":"wp","href":"https:\/\/api.w.org\/{rel}","templated":true}]}}