{"id":27172,"date":"2010-04-07T16:08:37","date_gmt":"2010-04-07T14:08:37","guid":{"rendered":"https:\/\/mediarun.com\/index.php\/news-posts\/zbrodnia-katynska-w-gosciu-niedzielnym\/"},"modified":"2010-04-07T16:08:37","modified_gmt":"2010-04-07T14:08:37","slug":"zbrodnia-katynska-w-gosciu-niedzielnym","status":"publish","type":"post","link":"https:\/\/mediarun.com\/pl\/media\/prasa\/zbrodnia-katynska-w-gosciu-niedzielnym.html","title":{"rendered":"&#8222;Zbrodnia katy\u0144ska&#8221; w Go\u015bciu Niedzielnym"},"content":{"rendered":"<p>Autorzy szesnastostronicowego dodatku pr&oacute;buj\u0105 znale\u017a\u0107 odpowiedzi na pytania, dlaczego przez niekt&oacute;rych zbrodnia katy\u0144ska nie jest uwa\u017cana za ludob&oacute;jstwo i dlaczego k\u0142amstwo katy\u0144skie powtarzane jest do dnia dzisiejszego. Dodatek przypomina r&oacute;wnie\u017c relacje kat&oacute;w i naocznych \u015bwiadk&oacute;w dotycz\u0105ce opracowanej do perfekcji sztuki zabijania. Pokazuje r&oacute;wnie\u017c t\u0142o wydarze\u0144.<\/p>\n<p>Dodatek &#8222;Zbrodnia katy\u0144ska&#8221; powsta\u0142 we wsp&oacute;\u0142pracy Go\u015bcia Niedzielnego i Instytutu Pami\u0119ci Narodowej.<\/p>\n","protected":false},"excerpt":{"rendered":"W zwi\u0105zku z przypadaj\u0105c\u0105 w tym roku 70. rocznic\u0105 mordu na polskich oficerach do nak\u0142adu najnowszego Go\u015bcia Niedzielnego do\u0142\u0105czono dodatek pt. &#8222;Zbrodnia katy\u0144ska&#8221;.","protected":false},"author":1,"featured_media":27173,"comment_status":"open","ping_status":"closed","sticky":false,"template":"","format":"standard","meta":{"csco_display_header_overlay":false,"csco_singular_sidebar":"","csco_page_header_type":"","csco_page_load_nextpost":"","csco_post_video_location":[],"csco_post_video_location_hash":"","csco_post_video_url":"","csco_post_video_bg_start_time":0,"csco_post_video_bg_end_time":0,"footnotes":""},"categories":[9673],"tags":[1540],"class_list":{"0":"post-27172","1":"post","2":"type-post","3":"status-publish","4":"format-standard","5":"has-post-thumbnail","7":"category-prasa","8":"tag-gosc-niedzielny","9":"cs-entry","10":"cs-video-wrap"},"_links":{"self":[{"href":"https:\/\/mediarun.com\/pl\/wp-json\/wp\/v2\/posts\/27172","targetHints":{"allow":["GET"]}}],"collection":[{"href":"https:\/\/mediarun.com\/pl\/wp-json\/wp\/v2\/posts"}],"about":[{"href":"https:\/\/mediarun.com\/pl\/wp-json\/wp\/v2\/types\/post"}],"author":[{"embeddable":true,"href":"https:\/\/mediarun.com\/pl\/wp-json\/wp\/v2\/users\/1"}],"replies":[{"embeddable":true,"href":"https:\/\/mediarun.com\/pl\/wp-json\/wp\/v2\/comments?post=27172"}],"version-history":[{"count":0,"href":"https:\/\/mediarun.com\/pl\/wp-json\/wp\/v2\/posts\/27172\/revisions"}],"wp:featuredmedia":[{"embeddable":true,"href":"https:\/\/mediarun.com\/pl\/wp-json\/wp\/v2\/media\/27173"}],"wp:attachment":[{"href":"https:\/\/mediarun.com\/pl\/wp-json\/wp\/v2\/media?parent=27172"}],"wp:term":[{"taxonomy":"category","embeddable":true,"href":"https:\/\/mediarun.com\/pl\/wp-json\/wp\/v2\/categories?post=27172"},{"taxonomy":"post_tag","embeddable":true,"href":"https:\/\/mediarun.com\/pl\/wp-json\/wp\/v2\/tags?post=27172"}],"curies":[{"name":"wp","href":"https:\/\/api.w.org\/{rel}","templated":true}]}}