{"id":26798,"date":"2010-04-21T11:39:59","date_gmt":"2010-04-21T09:39:59","guid":{"rendered":"https:\/\/mediarun.com\/index.php\/news-posts\/dodatek-poswiecony-krystynie-bochenek-z-polska\/"},"modified":"2010-04-21T11:39:59","modified_gmt":"2010-04-21T09:39:59","slug":"dodatek-poswiecony-krystynie-bochenek-z-polska","status":"publish","type":"post","link":"https:\/\/mediarun.com\/pl\/media\/prasa\/dodatek-poswiecony-krystynie-bochenek-z-polska.html","title":{"rendered":"Dodatek po\u015bwi\u0119cony Krystynie Bochenek z Polsk\u0105"},"content":{"rendered":"<p>W dodatku &#8222;Krystyna Bochenek. Tak\u0105 j\u0105 chcemy pami\u0119ta\u0107&#8221; znajd\u0105 si\u0119 liczne zdj\u0119cia i wspomnienia po\u015bwi\u0119cone wicemarsza\u0142ek Senatu RP, felietonistce Polski Dziennika Zachodniego, autorce Spotka\u0144 Medycznych i Ambasadorce \u015al\u0105ska, kt&oacute;ra zgin\u0119\u0142a w katastrofie samolotu prezydenckiego pod Smole\u0144skiem 10 kwietnia br.<\/p>\n<p>Dodatek b\u0119dzie tak\u017ce rozdawany w Teatrze Wyspia\u0144skiego w Katowicach podczas wieczoru wspomnie\u0144 (22 kwietnia). W\u015br&oacute;d go\u015bci znajd\u0105 si\u0119 m.in.: Kamil Durczok, prof. Andrzej Markowski, prof. Dorota Symonides, Micha\u0142 Og&oacute;rek. Spotkanie poprowadzi Maria Zawa\u0142a i Wies\u0142aw S\u0142awik.<\/p>\n","protected":false},"excerpt":{"rendered":"W czwartek (22 kwietnia) zostanie wydany wraz z Polsk\u0105 Dziennikiem Zachodnim 16-stronicowy dodatek po\u015bwi\u0119cony Krystynie Bochenek.","protected":false},"author":1,"featured_media":26799,"comment_status":"open","ping_status":"closed","sticky":false,"template":"","format":"standard","meta":{"csco_display_header_overlay":false,"csco_singular_sidebar":"","csco_page_header_type":"","csco_page_load_nextpost":"","csco_post_video_location":[],"csco_post_video_location_hash":"","csco_post_video_url":"","csco_post_video_bg_start_time":0,"csco_post_video_bg_end_time":0,"footnotes":""},"categories":[9673],"tags":[],"class_list":{"0":"post-26798","1":"post","2":"type-post","3":"status-publish","4":"format-standard","5":"has-post-thumbnail","7":"category-prasa","8":"cs-entry","9":"cs-video-wrap"},"_links":{"self":[{"href":"https:\/\/mediarun.com\/pl\/wp-json\/wp\/v2\/posts\/26798","targetHints":{"allow":["GET"]}}],"collection":[{"href":"https:\/\/mediarun.com\/pl\/wp-json\/wp\/v2\/posts"}],"about":[{"href":"https:\/\/mediarun.com\/pl\/wp-json\/wp\/v2\/types\/post"}],"author":[{"embeddable":true,"href":"https:\/\/mediarun.com\/pl\/wp-json\/wp\/v2\/users\/1"}],"replies":[{"embeddable":true,"href":"https:\/\/mediarun.com\/pl\/wp-json\/wp\/v2\/comments?post=26798"}],"version-history":[{"count":0,"href":"https:\/\/mediarun.com\/pl\/wp-json\/wp\/v2\/posts\/26798\/revisions"}],"wp:featuredmedia":[{"embeddable":true,"href":"https:\/\/mediarun.com\/pl\/wp-json\/wp\/v2\/media\/26799"}],"wp:attachment":[{"href":"https:\/\/mediarun.com\/pl\/wp-json\/wp\/v2\/media?parent=26798"}],"wp:term":[{"taxonomy":"category","embeddable":true,"href":"https:\/\/mediarun.com\/pl\/wp-json\/wp\/v2\/categories?post=26798"},{"taxonomy":"post_tag","embeddable":true,"href":"https:\/\/mediarun.com\/pl\/wp-json\/wp\/v2\/tags?post=26798"}],"curies":[{"name":"wp","href":"https:\/\/api.w.org\/{rel}","templated":true}]}}