{"id":26796,"date":"2010-04-21T12:01:57","date_gmt":"2010-04-21T10:01:57","guid":{"rendered":"https:\/\/mediarun.com\/index.php\/news-posts\/comedy-central-family-wystartuje-z-opoznieniem\/"},"modified":"2010-04-21T12:01:57","modified_gmt":"2010-04-21T10:01:57","slug":"comedy-central-family-wystartuje-z-opoznieniem","status":"publish","type":"post","link":"https:\/\/mediarun.com\/pl\/media\/tv\/comedy-central-family-wystartuje-z-opoznieniem.html","title":{"rendered":"Comedy Central Family wystartuje z op\u00f3\u017anieniem"},"content":{"rendered":"<p>Z powodu utrudnie\u0144 w ruchu powietrznym, czego konsekwencj\u0105 jest op&oacute;\u017anienie dostarczenia ta\u015bm emisyjnych, pasmo komediowe Comedy Central Family wystartuje 29 kwietnia br., a nie jak wcze\u015bniej planowano 24 kwietnia.<\/p>\n<p>Rodzinne pasmo rozrywkowe pod nazw\u0105 Comedy Central Family na kanale VH1 emitowane b\u0119dzie codziennie w godz. 17.00 &#8211; 23.00, a w pi\u0105tki i soboty w godz. 17.00 &#8211; 1.00. W ofercie programowej pasma znajd\u0105 si\u0119 takie tytu\u0142y jak: &#8222;Cudowne lata&#8221;, &#8222;Zwariowany \u015bwiat Malcolma&#8221; czy te\u017c znany ju\u017c widzom serial komediowy &#8222;Jim wie lepiej&#8221; oraz absolutne nowo\u015bci, takie jak &#8222;Byle do przodu&#8221;.<\/p>\n","protected":false},"excerpt":{"rendered":"W zwi\u0105zku z utrudnieniami w ruchu lotniczym pasmo komediowe Comedy Central Family wystartuje z op&oacute;\u017anieniem.","protected":false},"author":1,"featured_media":26797,"comment_status":"open","ping_status":"closed","sticky":false,"template":"","format":"standard","meta":{"csco_display_header_overlay":false,"csco_singular_sidebar":"","csco_page_header_type":"","csco_page_load_nextpost":"","csco_post_video_location":[],"csco_post_video_location_hash":"","csco_post_video_url":"","csco_post_video_bg_start_time":0,"csco_post_video_bg_end_time":0,"footnotes":""},"categories":[9670],"tags":[1111,674],"class_list":{"0":"post-26796","1":"post","2":"type-post","3":"status-publish","4":"format-standard","5":"has-post-thumbnail","7":"category-tv","8":"tag-comedy-central","9":"tag-vh1","10":"cs-entry","11":"cs-video-wrap"},"_links":{"self":[{"href":"https:\/\/mediarun.com\/pl\/wp-json\/wp\/v2\/posts\/26796","targetHints":{"allow":["GET"]}}],"collection":[{"href":"https:\/\/mediarun.com\/pl\/wp-json\/wp\/v2\/posts"}],"about":[{"href":"https:\/\/mediarun.com\/pl\/wp-json\/wp\/v2\/types\/post"}],"author":[{"embeddable":true,"href":"https:\/\/mediarun.com\/pl\/wp-json\/wp\/v2\/users\/1"}],"replies":[{"embeddable":true,"href":"https:\/\/mediarun.com\/pl\/wp-json\/wp\/v2\/comments?post=26796"}],"version-history":[{"count":0,"href":"https:\/\/mediarun.com\/pl\/wp-json\/wp\/v2\/posts\/26796\/revisions"}],"wp:featuredmedia":[{"embeddable":true,"href":"https:\/\/mediarun.com\/pl\/wp-json\/wp\/v2\/media\/26797"}],"wp:attachment":[{"href":"https:\/\/mediarun.com\/pl\/wp-json\/wp\/v2\/media?parent=26796"}],"wp:term":[{"taxonomy":"category","embeddable":true,"href":"https:\/\/mediarun.com\/pl\/wp-json\/wp\/v2\/categories?post=26796"},{"taxonomy":"post_tag","embeddable":true,"href":"https:\/\/mediarun.com\/pl\/wp-json\/wp\/v2\/tags?post=26796"}],"curies":[{"name":"wp","href":"https:\/\/api.w.org\/{rel}","templated":true}]}}