{"id":26764,"date":"2010-04-22T11:05:26","date_gmt":"2010-04-22T09:05:26","guid":{"rendered":"https:\/\/mediarun.com\/index.php\/news-posts\/dzien-dobry-bardzo-bez-anny-dziewit\/"},"modified":"2010-04-22T11:05:26","modified_gmt":"2010-04-22T09:05:26","slug":"dzien-dobry-bardzo-bez-anny-dziewit","status":"publish","type":"post","link":"https:\/\/mediarun.com\/pl\/media\/radio\/dzien-dobry-bardzo-bez-anny-dziewit.html","title":{"rendered":"Dzie\u0144 Dobry Bardzo bez Anny Dziewit"},"content":{"rendered":"<p>Anna Dziewit pozostanie w strukturach Grupy Eurozet. Mo\u017cna j\u0105 us\u0142ysze\u0107 w radiu Chilli Zet w autorskiej audycji &#8222;Czyta\u0107 albo nie czyta\u0107&#8221; nadawanej w ka\u017cdy pi\u0105tek po godz. 13.00.<\/p>\n<p>Dziewit prowadzi\u0142a program &#8222;Dzie\u0144 Dobry Bardzo&#8221; wsp&oacute;lnie z Markiem Starybratem od wrze\u015bnia 2009 roku.<\/p>\n","protected":false},"excerpt":{"rendered":"Od poniedzia\u0142ku 26 kwietnia br. Anna Dziewit nie b\u0119dzie ju\u017c prowadzi\u0107 porannego programu &#8222;Dzie\u0144 Dobry Bardzo&#8221; w Radiu Zet.","protected":false},"author":1,"featured_media":26765,"comment_status":"open","ping_status":"closed","sticky":false,"template":"","format":"standard","meta":{"csco_display_header_overlay":false,"csco_singular_sidebar":"","csco_page_header_type":"","csco_page_load_nextpost":"","csco_post_video_location":[],"csco_post_video_location_hash":"","csco_post_video_url":"","csco_post_video_bg_start_time":0,"csco_post_video_bg_end_time":0,"footnotes":""},"categories":[9672],"tags":[174,504],"class_list":{"0":"post-26764","1":"post","2":"type-post","3":"status-publish","4":"format-standard","5":"has-post-thumbnail","7":"category-radio","8":"tag-eurozet","9":"tag-radio-zet","10":"cs-entry","11":"cs-video-wrap"},"_links":{"self":[{"href":"https:\/\/mediarun.com\/pl\/wp-json\/wp\/v2\/posts\/26764","targetHints":{"allow":["GET"]}}],"collection":[{"href":"https:\/\/mediarun.com\/pl\/wp-json\/wp\/v2\/posts"}],"about":[{"href":"https:\/\/mediarun.com\/pl\/wp-json\/wp\/v2\/types\/post"}],"author":[{"embeddable":true,"href":"https:\/\/mediarun.com\/pl\/wp-json\/wp\/v2\/users\/1"}],"replies":[{"embeddable":true,"href":"https:\/\/mediarun.com\/pl\/wp-json\/wp\/v2\/comments?post=26764"}],"version-history":[{"count":0,"href":"https:\/\/mediarun.com\/pl\/wp-json\/wp\/v2\/posts\/26764\/revisions"}],"wp:featuredmedia":[{"embeddable":true,"href":"https:\/\/mediarun.com\/pl\/wp-json\/wp\/v2\/media\/26765"}],"wp:attachment":[{"href":"https:\/\/mediarun.com\/pl\/wp-json\/wp\/v2\/media?parent=26764"}],"wp:term":[{"taxonomy":"category","embeddable":true,"href":"https:\/\/mediarun.com\/pl\/wp-json\/wp\/v2\/categories?post=26764"},{"taxonomy":"post_tag","embeddable":true,"href":"https:\/\/mediarun.com\/pl\/wp-json\/wp\/v2\/tags?post=26764"}],"curies":[{"name":"wp","href":"https:\/\/api.w.org\/{rel}","templated":true}]}}