{"id":26762,"date":"2010-04-22T11:16:44","date_gmt":"2010-04-22T09:16:44","guid":{"rendered":"https:\/\/mediarun.com\/index.php\/news-posts\/awanse-w-at-media\/"},"modified":"2010-04-22T11:16:44","modified_gmt":"2010-04-22T09:16:44","slug":"awanse-w-at-media","status":"publish","type":"post","link":"https:\/\/mediarun.com\/pl\/ludzie\/awanse\/awanse-w-at-media.html","title":{"rendered":"Awanse w At  Media"},"content":{"rendered":"<p>Od kwietnia br. do zarz\u0105du At Media do\u0142\u0105cza Jacek Skrodzki. Obejmuje on tak\u017ce stanowisko dyrektora ds. operacyjnych i technologicznych.<\/p>\n<p>Stanowisko dyrektor sprzeda\u017cy At Media obejmuje Ma\u0142gorzata Szelenbaum. Na stanowisko zast\u0119pcy dyrektor sprzeda\u017cy powo\u0142ane zosta\u0142y Barbara Klejnons &#8211; zast\u0119pca dyrektor ds. szkole\u0144 i rozwoju, Marta Wierci\u0144ska &#8211; zast\u0119pca dyrektor ds. administracji sprzeda\u017cy, Aneta Nowicka &#8211; zast\u0119pca dyrektor ds. sponsoringu. Magdalena Cie\u015blik oraz Agnieszka Tu\u015bnio otrzyma\u0142y promocj\u0119 na stanowisko &#8211; koordynator zespo\u0142u sprzeda\u017cowego.<\/p>\n<p>Na stanowisko dyrektor ds. wsp&oacute;\u0142pracy z kana\u0142ami od kwietnia zosta\u0142a powo\u0142ana Justyna Owczarek natomiast na stanowisko zast\u0119pcy dyrektor ds. wsp&oacute;\u0142pracy z kana\u0142ami awansowa\u0142a Justyna Bednarek. Anna Boniecka oraz Justyna Por\u0119bska otrzyma\u0142y promocj\u0119 na stanowisko &#8211; koordynator zespo\u0142u ds. wsp&oacute;\u0142pracy z kana\u0142ami. W ramach dzia\u0142u powo\u0142ano tak\u017ce zesp&oacute;\u0142 kreatywny, kt&oacute;rym pokieruje Dorota Dworzy\u0144ska, na stanowisku &#8211; mened\u017cer ds. medi&oacute;w kreatywnych.<\/p>\n<p>Od kwietnia Wojciech Kowalczyk awansuje na stanowisko dyrektora marketingu natomiast Bartek Kosek na stanowisko mened\u017cera ds. analiz rynkowych. Anna \u015alasa obejmuje stanowisko dyrektor finans&oacute;w. Na stanowisko zast\u0119pcy dyrektora ds. operacyjnych i technologicznych powo\u0142ano Tomasza Puczkowskiego.<\/p>\n","protected":false},"excerpt":{"rendered":"W zwi\u0105zku z rozbudow\u0105 portfolio reprezentowanych kana\u0142&oacute;w telewizyjnych dom sprzeda\u017cy At Media awansowa\u0142 kluczowych mened\u017cer&oacute;w.","protected":false},"author":1,"featured_media":26763,"comment_status":"open","ping_status":"closed","sticky":false,"template":"","format":"standard","meta":{"csco_display_header_overlay":false,"csco_singular_sidebar":"","csco_page_header_type":"","csco_page_load_nextpost":"","csco_post_video_location":[],"csco_post_video_location_hash":"","csco_post_video_url":"","csco_post_video_bg_start_time":0,"csco_post_video_bg_end_time":0,"footnotes":""},"categories":[9678],"tags":[551],"class_list":{"0":"post-26762","1":"post","2":"type-post","3":"status-publish","4":"format-standard","5":"has-post-thumbnail","7":"category-awanse","8":"tag-atmedia","9":"cs-entry","10":"cs-video-wrap"},"_links":{"self":[{"href":"https:\/\/mediarun.com\/pl\/wp-json\/wp\/v2\/posts\/26762","targetHints":{"allow":["GET"]}}],"collection":[{"href":"https:\/\/mediarun.com\/pl\/wp-json\/wp\/v2\/posts"}],"about":[{"href":"https:\/\/mediarun.com\/pl\/wp-json\/wp\/v2\/types\/post"}],"author":[{"embeddable":true,"href":"https:\/\/mediarun.com\/pl\/wp-json\/wp\/v2\/users\/1"}],"replies":[{"embeddable":true,"href":"https:\/\/mediarun.com\/pl\/wp-json\/wp\/v2\/comments?post=26762"}],"version-history":[{"count":0,"href":"https:\/\/mediarun.com\/pl\/wp-json\/wp\/v2\/posts\/26762\/revisions"}],"wp:featuredmedia":[{"embeddable":true,"href":"https:\/\/mediarun.com\/pl\/wp-json\/wp\/v2\/media\/26763"}],"wp:attachment":[{"href":"https:\/\/mediarun.com\/pl\/wp-json\/wp\/v2\/media?parent=26762"}],"wp:term":[{"taxonomy":"category","embeddable":true,"href":"https:\/\/mediarun.com\/pl\/wp-json\/wp\/v2\/categories?post=26762"},{"taxonomy":"post_tag","embeddable":true,"href":"https:\/\/mediarun.com\/pl\/wp-json\/wp\/v2\/tags?post=26762"}],"curies":[{"name":"wp","href":"https:\/\/api.w.org\/{rel}","templated":true}]}}