{"id":26704,"date":"2010-04-25T14:48:16","date_gmt":"2010-04-25T12:48:16","guid":{"rendered":"https:\/\/mediarun.com\/index.php\/news-posts\/akademia-umyslu-w-dgp\/"},"modified":"2010-04-25T14:48:16","modified_gmt":"2010-04-25T12:48:16","slug":"akademia-umyslu-w-dgp","status":"publish","type":"post","link":"https:\/\/mediarun.com\/pl\/media\/prasa\/akademia-umyslu-w-dgp.html","title":{"rendered":"Akademia umys\u0142u w DGP"},"content":{"rendered":"<p>&#8222;Akademia Umys\u0142u&#8221; to seria trzech program&oacute;w: &#8222;Techniki szybkiego czytania&#8221; (26 kwietnia), &#8222;Zapami\u0119tywanie&#8221; (27 kwietnia) i &#8222;Techniki postrzegania (28 kwietnia), pomagaj\u0105cych w rozwijaniu naturalnych zdolno\u015bci umys\u0142owych. Ka\u017cdy z program&oacute;w zawiera \u0107wiczenia, dzi\u0119ki kt&oacute;rym poprawi\u0107 mo\u017cna umiej\u0119tno\u015b\u0107 szybkiego czytania i przyswajanie wiedzy, doskonali\u0107 pami\u0119\u0107, wp\u0142ywa\u0107 na wzmocnienie koncentracji i podzielno\u015bci uwagi.<\/p>\n<p>Nak\u0142ad dzienny og&oacute;\u0142em wyda\u0144 z dodatkami &#8211; 144 655 egz. Cena wydania DGP z p\u0142yt\u0105 5,99 z\u0142. Cena DGP bez dodatku &#8211; regularna: 2,60 z\u0142.<\/p>\n<p>Sprzeda\u017c wyda\u0144 z p\u0142yt\u0105 zostanie wsparta kampani\u0105 promocyjn\u0105 w radiu (RMF FM, Radio Zet, Polskie Radio Program I i III, Radio Euro, Drapacz Chmur+) oraz przez autopromocj\u0119 (media Infor Biznes &#8211;  Dziennik Gazeta Prawna, dziennik.pl, gazetaprawna.pl, forsal.pl, di.com.pl).<\/p>\n","protected":false},"excerpt":{"rendered":"W poniedzia\u0142ek, wtorek i \u015brod\u0119 do cz\u0119\u015bci nak\u0142adu Dziennika Gazety Prawnej do\u0142\u0105czone zostan\u0105 p\u0142yty CD z treningami z cyklu &#8222;Akademia Umys\u0142u&#8221;.","protected":false},"author":1,"featured_media":26705,"comment_status":"open","ping_status":"closed","sticky":false,"template":"","format":"standard","meta":{"csco_display_header_overlay":false,"csco_singular_sidebar":"","csco_page_header_type":"","csco_page_load_nextpost":"","csco_post_video_location":[],"csco_post_video_location_hash":"","csco_post_video_url":"","csco_post_video_bg_start_time":0,"csco_post_video_bg_end_time":0,"footnotes":""},"categories":[9673],"tags":[1268],"class_list":{"0":"post-26704","1":"post","2":"type-post","3":"status-publish","4":"format-standard","5":"has-post-thumbnail","7":"category-prasa","8":"tag-dziennik-gazeta-prawna","9":"cs-entry","10":"cs-video-wrap"},"_links":{"self":[{"href":"https:\/\/mediarun.com\/pl\/wp-json\/wp\/v2\/posts\/26704","targetHints":{"allow":["GET"]}}],"collection":[{"href":"https:\/\/mediarun.com\/pl\/wp-json\/wp\/v2\/posts"}],"about":[{"href":"https:\/\/mediarun.com\/pl\/wp-json\/wp\/v2\/types\/post"}],"author":[{"embeddable":true,"href":"https:\/\/mediarun.com\/pl\/wp-json\/wp\/v2\/users\/1"}],"replies":[{"embeddable":true,"href":"https:\/\/mediarun.com\/pl\/wp-json\/wp\/v2\/comments?post=26704"}],"version-history":[{"count":0,"href":"https:\/\/mediarun.com\/pl\/wp-json\/wp\/v2\/posts\/26704\/revisions"}],"wp:featuredmedia":[{"embeddable":true,"href":"https:\/\/mediarun.com\/pl\/wp-json\/wp\/v2\/media\/26705"}],"wp:attachment":[{"href":"https:\/\/mediarun.com\/pl\/wp-json\/wp\/v2\/media?parent=26704"}],"wp:term":[{"taxonomy":"category","embeddable":true,"href":"https:\/\/mediarun.com\/pl\/wp-json\/wp\/v2\/categories?post=26704"},{"taxonomy":"post_tag","embeddable":true,"href":"https:\/\/mediarun.com\/pl\/wp-json\/wp\/v2\/tags?post=26704"}],"curies":[{"name":"wp","href":"https:\/\/api.w.org\/{rel}","templated":true}]}}