{"id":26698,"date":"2010-04-25T23:49:33","date_gmt":"2010-04-25T21:49:33","guid":{"rendered":"https:\/\/mediarun.com\/index.php\/news-posts\/wprost-przeprasza-za-krola\/"},"modified":"2010-04-25T23:49:33","modified_gmt":"2010-04-25T21:49:33","slug":"wprost-przeprasza-za-krola","status":"publish","type":"post","link":"https:\/\/mediarun.com\/pl\/media\/prasa\/wprost-przeprasza-za-krola.html","title":{"rendered":"Wprost przeprasza za Kr\u00f3la"},"content":{"rendered":"<p>&#8222;Szanowni Czytelnicy, Drodzy Autorzy, Platforma Mediowa Point Group, nowy wydawca tygodnika Wprost, informuje, \u017ce miejsce, kt&oacute;re do tej pory zajmowa\u0142y felietony by\u0142ego w\u0142a\u015bciciela oraz wieloletniego redaktora naczelnego Wprost Pana Marka Kr&oacute;la, pocz\u0105wszy od nast\u0119pnego wydania tygodnika, oddane zostanie redakcji i wsp&oacute;\u0142pracuj\u0105cym z ni\u0105 Autorom. Jednocze\u015bnie wydawca pragnie przeprosi\u0107 wszystkich Szanownych Czytelnik&oacute;w oraz Szanownych Autor&oacute;w, kt&oacute;rzy poczuli si\u0119 dotkni\u0119ci tre\u015bci\u0105 ostatnich felieton&oacute;w Pana Marka Kr&oacute;la, a w szczeg&oacute;lno\u015bci form\u0105 ostatniego utworu tego\u017c felietonisty, opublikowanego 19 kwietnia, a wi\u0119c dzie\u0144 po zako\u0144czeniu \u017ca\u0142oby narodowej&#8221; &#8211; napisano w o\u015bwiadczeniu na Wprost.pl.<\/p>\n<p>Point Group przeprasza za ostatni felieton Kr&oacute;la &#8222;Nie polezie orze\u0142 w GW-na&#8221;, w kt&oacute;rym zaatakowa\u0142 on Gazet\u0119 Wyborcz\u0105 i jej naczelnego Adama Michnika. Mo\u017cna go znale\u017a\u0107 na blogu autora pod adresem <a href=\"http:\/\/www.wprost.pl\/blogi\/marek_krol\/?B=1200\" target=\"_blank\" rel=\"noopener\">www.wprost.pl\/blogi\/marek_krol\/?B=1200<\/a>.<\/p>\n<p>Marek Kr&oacute;l kierowa\u0142 Wprost od czasu jego powstania. W ub. roku tygodnik kupi\u0142a Platforma Mediowa Point Group.<\/p>\n","protected":false},"excerpt":{"rendered":"Wprost og\u0142osi\u0142 na swojej stronie internetowej, \u017ce rezygnuje z publikacji felieton&oacute;w Marka Kr&oacute;la, by\u0142ego naczelnego pisma.","protected":false},"author":1,"featured_media":26699,"comment_status":"open","ping_status":"closed","sticky":false,"template":"","format":"standard","meta":{"csco_display_header_overlay":false,"csco_singular_sidebar":"","csco_page_header_type":"","csco_page_load_nextpost":"","csco_post_video_location":[],"csco_post_video_location_hash":"","csco_post_video_url":"","csco_post_video_bg_start_time":0,"csco_post_video_bg_end_time":0,"footnotes":""},"categories":[9673],"tags":[939,348],"class_list":{"0":"post-26698","1":"post","2":"type-post","3":"status-publish","4":"format-standard","5":"has-post-thumbnail","7":"category-prasa","8":"tag-point-group","9":"tag-wprost","10":"cs-entry","11":"cs-video-wrap"},"_links":{"self":[{"href":"https:\/\/mediarun.com\/pl\/wp-json\/wp\/v2\/posts\/26698","targetHints":{"allow":["GET"]}}],"collection":[{"href":"https:\/\/mediarun.com\/pl\/wp-json\/wp\/v2\/posts"}],"about":[{"href":"https:\/\/mediarun.com\/pl\/wp-json\/wp\/v2\/types\/post"}],"author":[{"embeddable":true,"href":"https:\/\/mediarun.com\/pl\/wp-json\/wp\/v2\/users\/1"}],"replies":[{"embeddable":true,"href":"https:\/\/mediarun.com\/pl\/wp-json\/wp\/v2\/comments?post=26698"}],"version-history":[{"count":0,"href":"https:\/\/mediarun.com\/pl\/wp-json\/wp\/v2\/posts\/26698\/revisions"}],"wp:featuredmedia":[{"embeddable":true,"href":"https:\/\/mediarun.com\/pl\/wp-json\/wp\/v2\/media\/26699"}],"wp:attachment":[{"href":"https:\/\/mediarun.com\/pl\/wp-json\/wp\/v2\/media?parent=26698"}],"wp:term":[{"taxonomy":"category","embeddable":true,"href":"https:\/\/mediarun.com\/pl\/wp-json\/wp\/v2\/categories?post=26698"},{"taxonomy":"post_tag","embeddable":true,"href":"https:\/\/mediarun.com\/pl\/wp-json\/wp\/v2\/tags?post=26698"}],"curies":[{"name":"wp","href":"https:\/\/api.w.org\/{rel}","templated":true}]}}