{"id":2668,"date":"2013-02-08T15:00:26","date_gmt":"2013-02-08T14:00:26","guid":{"rendered":"https:\/\/mediarun.com\/index.php\/news-posts\/anna-german-nowy-serial-w-tvp1\/"},"modified":"2013-02-08T15:00:26","modified_gmt":"2013-02-08T14:00:26","slug":"anna-german-nowy-serial-w-tvp1","status":"publish","type":"post","link":"https:\/\/mediarun.com\/pl\/media\/tv\/anna-german-nowy-serial-w-tvp1.html","title":{"rendered":"&#8222;Anna German&#8221; \u2013 nowy serial w TVP1"},"content":{"rendered":"<p>22 lutego o godz. 20.25. Serial wyre\u017cyserowa\u0142 Waldemar Krzystek oraz Aleksandr Timienko. W roli Anny German zobaczymy Joann\u0119 Moro.<\/p>\n<p>&#8222;Anna German&#8221;, nowy serial TVP1, pokazuje histori\u0119 \u017cycia polskiej piosenkarki, kt&oacute;ra zrobi\u0142a mi\u0119dzynarodow\u0105 karier\u0119 w latach 60. i 70.W&nbsp; trakcie swojej kr&oacute;tkiej kariery nagra\u0142a kilkadziesi\u0105t p\u0142yt. \u015apiewa\u0142a w siedmiu j\u0119zykach. Wyst\u0119powa\u0142a w USA, Kanadzie, Wielkiej Brytanii, Australii, Francji, Portugalii, W\u0142oszech,&nbsp; na W\u0119grzech, w Mongolii, NRD, RFN, CSRS, oraz ZSRR.<\/p>\n<p>FSerial opowiada o historii jej trudnej, ale i burzliwej karierze w Polsce i na \u015bwiecie.<\/p>\n<p>Serial &#8222;Anna German&#8221; sk\u0142ada si\u0119 z 10 odcink&oacute;w, kt&oacute;re TVP1 emitowa\u0107 b\u0119dzie w ka\u017cdy pi\u0105tek o godz. 20.25.<\/p>\n","protected":false},"excerpt":{"rendered":"Nowy, dziesi\u0119cioodcinkowy serial biograficzny o Annie German, polskiej piosenkarce, zadebiutuje w TVP1 w pi\u0105tek&#8230;","protected":false},"author":1,"featured_media":2669,"comment_status":"open","ping_status":"closed","sticky":false,"template":"","format":"standard","meta":{"csco_display_header_overlay":false,"csco_singular_sidebar":"","csco_page_header_type":"","csco_page_load_nextpost":"","csco_post_video_location":[],"csco_post_video_location_hash":"","csco_post_video_url":"","csco_post_video_bg_start_time":0,"csco_post_video_bg_end_time":0,"footnotes":""},"categories":[9670],"tags":[558],"class_list":{"0":"post-2668","1":"post","2":"type-post","3":"status-publish","4":"format-standard","5":"has-post-thumbnail","7":"category-tv","8":"tag-tvp1","9":"cs-entry","10":"cs-video-wrap"},"_links":{"self":[{"href":"https:\/\/mediarun.com\/pl\/wp-json\/wp\/v2\/posts\/2668","targetHints":{"allow":["GET"]}}],"collection":[{"href":"https:\/\/mediarun.com\/pl\/wp-json\/wp\/v2\/posts"}],"about":[{"href":"https:\/\/mediarun.com\/pl\/wp-json\/wp\/v2\/types\/post"}],"author":[{"embeddable":true,"href":"https:\/\/mediarun.com\/pl\/wp-json\/wp\/v2\/users\/1"}],"replies":[{"embeddable":true,"href":"https:\/\/mediarun.com\/pl\/wp-json\/wp\/v2\/comments?post=2668"}],"version-history":[{"count":0,"href":"https:\/\/mediarun.com\/pl\/wp-json\/wp\/v2\/posts\/2668\/revisions"}],"wp:featuredmedia":[{"embeddable":true,"href":"https:\/\/mediarun.com\/pl\/wp-json\/wp\/v2\/media\/2669"}],"wp:attachment":[{"href":"https:\/\/mediarun.com\/pl\/wp-json\/wp\/v2\/media?parent=2668"}],"wp:term":[{"taxonomy":"category","embeddable":true,"href":"https:\/\/mediarun.com\/pl\/wp-json\/wp\/v2\/categories?post=2668"},{"taxonomy":"post_tag","embeddable":true,"href":"https:\/\/mediarun.com\/pl\/wp-json\/wp\/v2\/tags?post=2668"}],"curies":[{"name":"wp","href":"https:\/\/api.w.org\/{rel}","templated":true}]}}