{"id":26652,"date":"2010-04-27T00:35:03","date_gmt":"2010-04-26T22:35:03","guid":{"rendered":"https:\/\/mediarun.com\/index.php\/news-posts\/media-trendy-facebook-medium-roku\/"},"modified":"2010-04-27T00:35:03","modified_gmt":"2010-04-26T22:35:03","slug":"media-trendy-facebook-medium-roku","status":"publish","type":"post","link":"https:\/\/mediarun.com\/pl\/marketing\/atl\/media-trendy-facebook-medium-roku.html","title":{"rendered":"Media Trendy: Facebook medium roku"},"content":{"rendered":"<p>W kategorii &#8222;Innowacja w planowaniu medi&oacute;w&#8221; przyznano \u0142\u0105cznie 15 nagr&oacute;d i 15 wyr&oacute;\u017cnie\u0144. Najwi\u0119cej statuetek zdoby\u0142 dom mediowy MediaCom Warszawa, kt&oacute;ry uhonorowano m.in. za kampani\u0119 launchow\u0105 Skody Yeti.<\/p>\n<p>W kategorii &#8222;Innowacja w mediach&#8221; nagrodzono w sumie 8 projekt&oacute;w, 5 dosta\u0142o wyr&oacute;\u017cnienie. Trzy nagrody przyznano Agorze (m.in. za projekt &#8222;20 urodziny Gazety Wyborczej), dwie TVN Warszawa (debiut roku).&nbsp;<\/p>\n<p>Grand Prix w obu kategoriach zdoby\u0142a kampania &#8222;Kumpel z przesz\u0142o\u015bci. 1944 Live&#8221;, zrealizowana przez agencj\u0119 reklamow\u0105 San Markos dla Biura Promocji Miasta Sto\u0142ecznego Warszawy.<\/p>\n<p>Cz\u0142owiekiem Roku uznano zmar\u0142ego w pa\u017adzierniku ub. roku Jana Wejcherta, za\u0142o\u017cyciela Grupy ITI. Medium Roku zosta\u0142 serwis spo\u0142eczno\u015bciowy Facebook, a po\u0142\u0105czenie Dziennika i Gazety Prawnej jury konkursu okre\u015bli\u0142o mianem Wydarzenia Roku.<\/p>\n<p>Pe\u0142ne listy nagrodzonych:<\/p>\n<ul>\n<li><a href=\"http:\/\/www.mediatrendy.pl\/mediatrendy_pl\/documents\/Nagrody%20specjalne_young_media_lions.doc?id=92\" target=\"_blank\" rel=\"noopener\"><strong>Nagrody specjalne<\/strong><\/a><\/li>\n<li><a href=\"http:\/\/www.mediatrendy.pl\/mediatrendy_pl\/documents\/Innowacja_w_planowaniu_mediow_2010.xls?id=91\" target=\"_blank\" rel=\"noopener\"><strong>Innowacja w planowaniu medi&oacute;w<\/strong><\/a><\/li>\n<li><a href=\"http:\/\/www.mediatrendy.pl\/mediatrendy_pl\/documents\/Innowacja_w_mediach_2010.xls?id=90\" target=\"_blank\" rel=\"noopener\"><strong>Innowacja w mediach<\/strong><\/a><\/li>\n<\/ul>\n<p>Mediarun.pl by\u0142 patronem medialnym tegorocznej edycji konkursu.<\/p>\n","protected":false},"excerpt":{"rendered":"Podczas wczorajszej gali w Teatrze Dramatycznym wr\u0119czono nagrody w konkursie Media Trendy 2010. Kto zdoby\u0142 najwi\u0119cej statuetek?","protected":false},"author":1,"featured_media":26653,"comment_status":"open","ping_status":"closed","sticky":false,"template":"","format":"standard","meta":{"csco_display_header_overlay":false,"csco_singular_sidebar":"","csco_page_header_type":"","csco_page_load_nextpost":"","csco_post_video_location":[],"csco_post_video_location_hash":"","csco_post_video_url":"","csco_post_video_bg_start_time":0,"csco_post_video_bg_end_time":0,"footnotes":""},"categories":[9642],"tags":[636],"class_list":{"0":"post-26652","1":"post","2":"type-post","3":"status-publish","4":"format-standard","5":"has-post-thumbnail","7":"category-atl","8":"tag-media-trendy","9":"cs-entry","10":"cs-video-wrap"},"_links":{"self":[{"href":"https:\/\/mediarun.com\/pl\/wp-json\/wp\/v2\/posts\/26652","targetHints":{"allow":["GET"]}}],"collection":[{"href":"https:\/\/mediarun.com\/pl\/wp-json\/wp\/v2\/posts"}],"about":[{"href":"https:\/\/mediarun.com\/pl\/wp-json\/wp\/v2\/types\/post"}],"author":[{"embeddable":true,"href":"https:\/\/mediarun.com\/pl\/wp-json\/wp\/v2\/users\/1"}],"replies":[{"embeddable":true,"href":"https:\/\/mediarun.com\/pl\/wp-json\/wp\/v2\/comments?post=26652"}],"version-history":[{"count":0,"href":"https:\/\/mediarun.com\/pl\/wp-json\/wp\/v2\/posts\/26652\/revisions"}],"wp:featuredmedia":[{"embeddable":true,"href":"https:\/\/mediarun.com\/pl\/wp-json\/wp\/v2\/media\/26653"}],"wp:attachment":[{"href":"https:\/\/mediarun.com\/pl\/wp-json\/wp\/v2\/media?parent=26652"}],"wp:term":[{"taxonomy":"category","embeddable":true,"href":"https:\/\/mediarun.com\/pl\/wp-json\/wp\/v2\/categories?post=26652"},{"taxonomy":"post_tag","embeddable":true,"href":"https:\/\/mediarun.com\/pl\/wp-json\/wp\/v2\/tags?post=26652"}],"curies":[{"name":"wp","href":"https:\/\/api.w.org\/{rel}","templated":true}]}}