{"id":26616,"date":"2010-04-27T15:17:44","date_gmt":"2010-04-27T13:17:44","guid":{"rendered":"https:\/\/mediarun.com\/index.php\/news-posts\/nowy-czas-honoru-jesienia-w-tvp2\/"},"modified":"2010-04-27T15:17:44","modified_gmt":"2010-04-27T13:17:44","slug":"nowy-czas-honoru-jesienia-w-tvp2","status":"publish","type":"post","link":"https:\/\/mediarun.com\/pl\/media\/tv\/nowy-czas-honoru-jesienia-w-tvp2.html","title":{"rendered":"Nowy &#8222;Czas honoru&#8221; jesieni\u0105 w TVP2"},"content":{"rendered":"<p>W najnowszej serii kontynuowane s\u0105 losy czterech Cichociemnych :  W\u0142adka (Jan Wieczorkowski), Bronka (Maciej Zako\u015bcielny),  Micha\u0142a (Jakub Weso\u0142owski) i Janka (Antoni Pawlicki). Zobaczymy te\u017c Magdalen\u0105 R&oacute;\u017cd\u017ck\u0119 w roli Wandy i Olg\u0119 Bo\u0142\u0105d\u017a jako Celin\u0119. Obok nich pojawi\u0105 si\u0119 r&oacute;wnie\u017c nowi bohaterowie &#8211; w jednego z nich &#8211; nowego cz\u0142onka oddzia\u0142u, wcieli si\u0119 Pawe\u0142 Ma\u0142aszy\u0144ski.<\/p>\n<p>Osi\u0105 fabu\u0142y b\u0119dzie zasilenie szereg&oacute;w warszawskiego Gestapo przez cz\u0142onk&oacute;w z Krakowa oraz wprowadzenie w\u0105tku sowieckiego &#8211; w serialu pojawi\u0105 si\u0119 bolszewiccy dzia\u0142acze, kt&oacute;rzy b\u0119d\u0105 pr&oacute;bowali zorganizowa\u0107 komunistyczne podziemie w Polsce.<\/p>\n","protected":false},"excerpt":{"rendered":"Ruszy\u0142y zdj\u0119cia do serialu &#8222;Czas Honor&#8221;. Trzeci\u0105 seri\u0119 produkcji b\u0119dzie mo\u017cna zobaczy\u0107 na antenie TVP2 jesieni\u0105.","protected":false},"author":1,"featured_media":26617,"comment_status":"open","ping_status":"closed","sticky":false,"template":"","format":"standard","meta":{"csco_display_header_overlay":false,"csco_singular_sidebar":"","csco_page_header_type":"","csco_page_load_nextpost":"","csco_post_video_location":[],"csco_post_video_location_hash":"","csco_post_video_url":"","csco_post_video_bg_start_time":0,"csco_post_video_bg_end_time":0,"footnotes":""},"categories":[9670],"tags":[],"class_list":{"0":"post-26616","1":"post","2":"type-post","3":"status-publish","4":"format-standard","5":"has-post-thumbnail","7":"category-tv","8":"cs-entry","9":"cs-video-wrap"},"_links":{"self":[{"href":"https:\/\/mediarun.com\/pl\/wp-json\/wp\/v2\/posts\/26616","targetHints":{"allow":["GET"]}}],"collection":[{"href":"https:\/\/mediarun.com\/pl\/wp-json\/wp\/v2\/posts"}],"about":[{"href":"https:\/\/mediarun.com\/pl\/wp-json\/wp\/v2\/types\/post"}],"author":[{"embeddable":true,"href":"https:\/\/mediarun.com\/pl\/wp-json\/wp\/v2\/users\/1"}],"replies":[{"embeddable":true,"href":"https:\/\/mediarun.com\/pl\/wp-json\/wp\/v2\/comments?post=26616"}],"version-history":[{"count":0,"href":"https:\/\/mediarun.com\/pl\/wp-json\/wp\/v2\/posts\/26616\/revisions"}],"wp:featuredmedia":[{"embeddable":true,"href":"https:\/\/mediarun.com\/pl\/wp-json\/wp\/v2\/media\/26617"}],"wp:attachment":[{"href":"https:\/\/mediarun.com\/pl\/wp-json\/wp\/v2\/media?parent=26616"}],"wp:term":[{"taxonomy":"category","embeddable":true,"href":"https:\/\/mediarun.com\/pl\/wp-json\/wp\/v2\/categories?post=26616"},{"taxonomy":"post_tag","embeddable":true,"href":"https:\/\/mediarun.com\/pl\/wp-json\/wp\/v2\/tags?post=26616"}],"curies":[{"name":"wp","href":"https:\/\/api.w.org\/{rel}","templated":true}]}}