{"id":26502,"date":"2010-04-30T12:56:15","date_gmt":"2010-04-30T10:56:15","guid":{"rendered":"https:\/\/mediarun.com\/index.php\/news-posts\/ptaki-ciernistych-krzewow-w-zone-europa\/"},"modified":"2010-04-30T12:56:15","modified_gmt":"2010-04-30T10:56:15","slug":"ptaki-ciernistych-krzewow-w-zone-europa","status":"publish","type":"post","link":"https:\/\/mediarun.com\/pl\/media\/tv\/ptaki-ciernistych-krzewow-w-zone-europa.html","title":{"rendered":"&#8222;Ptaki ciernistych krzew\u00f3w&#8221; w Zone Europa"},"content":{"rendered":"<p>Re\u017cyser Daryl Duke zaadaptowa\u0142 na potrzeby ma\u0142ego ekranu popularn\u0105 powie\u015b\u0107 Colleen McCullough, zwan\u0105 australijskim &#8222;Przemin\u0119\u0142o z wiatrem&#8221;. Masowa ogl\u0105dalno\u015b\u0107 serialu sz\u0142a w parze z licznymi nagrodami przemys\u0142u filmowego. &#8222;Ptaki ciernistych krzew&oacute;w&#8221; zdoby\u0142y sze\u015b\u0107 nagr&oacute;d Emmy, cztery Z\u0142ote Globy, wyr&oacute;\u017cnienia publiczno\u015bci i scenarzyst&oacute;w ameryka\u0144skich.<\/p>\n<p>Z Nowej Zelandii do Australii przybywa rodzina Cleary. Zatrzymuje si\u0119 na farmie ciotki Mary Carson, kt&oacute;ra potrzebuje pomocy w prowadzeniu du\u017cego gospodarstwa. G\u0142&oacute;wn\u0105 bohaterk\u0105 jest sliczna, m\u0142odziutka Meggie, w kt&oacute;rej zakochuje si\u0119 duchowny Ralph de Bricassart. Tak zaczyna si\u0119 zwi\u0105zek, kt&oacute;ry b\u0119dzie trwa\u0142 przez d\u0142ugie lata, pe\u0142en rozsta\u0144, wyrzecze\u0144, ostatecznych decyzji.<\/p>\n<p>Zakazane uczucie, wielka mi\u0142o\u015b\u0107, kt&oacute;ra nigdy nie mo\u017ce by\u0107 spe\u0142niona, ukazana jest na szerokim tle spo\u0142eczno-obyczajowym. Wzruszaj\u0105ca historia i staranna realizacja zaowocowa\u0142a mi\u0119dzynarodowym sukcesem. Serial bi\u0142 rekordy popularno\u015bci, r&oacute;wnie\u017c w naszej telewizji, i reaktywowa\u0142 \u015bwiatow\u0105 karier\u0119 Richarda Chamberlaina. Emisja w  Zone Europa od 2 maja w ka\u017cd\u0105 niedziel\u0119 o godz. 20.00.<\/p>\n<p>W czerwcu  Zone Europa zaprasza na ci\u0105g dalszy los&oacute;w pi\u0119knej Meggie i Ralpha w mini-serii: &#8222;Ptaki ciernistych krzew&oacute;w: stracone lata&#8221;.<\/p>\n","protected":false},"excerpt":{"rendered":"W maju Zone Europa przypomni serial &#8222;Ptaki ciernistych krzew&oacute;w&#8221;, jeden z najwi\u0119kszych hit&oacute;w w historii telewizji.","protected":false},"author":1,"featured_media":26503,"comment_status":"open","ping_status":"closed","sticky":false,"template":"","format":"standard","meta":{"csco_display_header_overlay":false,"csco_singular_sidebar":"","csco_page_header_type":"","csco_page_load_nextpost":"","csco_post_video_location":[],"csco_post_video_location_hash":"","csco_post_video_url":"","csco_post_video_bg_start_time":0,"csco_post_video_bg_end_time":0,"footnotes":""},"categories":[9670],"tags":[2304],"class_list":{"0":"post-26502","1":"post","2":"type-post","3":"status-publish","4":"format-standard","5":"has-post-thumbnail","7":"category-tv","8":"tag-zone-europa","9":"cs-entry","10":"cs-video-wrap"},"_links":{"self":[{"href":"https:\/\/mediarun.com\/pl\/wp-json\/wp\/v2\/posts\/26502","targetHints":{"allow":["GET"]}}],"collection":[{"href":"https:\/\/mediarun.com\/pl\/wp-json\/wp\/v2\/posts"}],"about":[{"href":"https:\/\/mediarun.com\/pl\/wp-json\/wp\/v2\/types\/post"}],"author":[{"embeddable":true,"href":"https:\/\/mediarun.com\/pl\/wp-json\/wp\/v2\/users\/1"}],"replies":[{"embeddable":true,"href":"https:\/\/mediarun.com\/pl\/wp-json\/wp\/v2\/comments?post=26502"}],"version-history":[{"count":0,"href":"https:\/\/mediarun.com\/pl\/wp-json\/wp\/v2\/posts\/26502\/revisions"}],"wp:featuredmedia":[{"embeddable":true,"href":"https:\/\/mediarun.com\/pl\/wp-json\/wp\/v2\/media\/26503"}],"wp:attachment":[{"href":"https:\/\/mediarun.com\/pl\/wp-json\/wp\/v2\/media?parent=26502"}],"wp:term":[{"taxonomy":"category","embeddable":true,"href":"https:\/\/mediarun.com\/pl\/wp-json\/wp\/v2\/categories?post=26502"},{"taxonomy":"post_tag","embeddable":true,"href":"https:\/\/mediarun.com\/pl\/wp-json\/wp\/v2\/tags?post=26502"}],"curies":[{"name":"wp","href":"https:\/\/api.w.org\/{rel}","templated":true}]}}