{"id":26496,"date":"2010-04-30T14:15:26","date_gmt":"2010-04-30T12:15:26","guid":{"rendered":"https:\/\/mediarun.com\/index.php\/news-posts\/kamyk-i-bodziak-tworza-agencje-pr\/"},"modified":"2010-04-30T14:15:26","modified_gmt":"2010-04-30T12:15:26","slug":"kamyk-i-bodziak-tworza-agencje-pr","status":"publish","type":"post","link":"https:\/\/mediarun.com\/pl\/marketing\/pr\/kamyk-i-bodziak-tworza-agencje-pr.html","title":{"rendered":"Kamyk i Bodziak tworz\u0105 agencj\u0119 PR"},"content":{"rendered":"<p>Agencja przeprowadzi\u0142a ju\u017c kilka projekt&oacute;w dla swoich klient&oacute;w. Obecnie prowadzi zaawansowane rozmowy dotycz\u0105ce obs\u0142ugi medialnej z kolejnymi firmami.&nbsp;Nazwa firmy zostanie ujawniona 6 maja.&nbsp;<\/p>\n<p>Tomasz Kamyk pracowa\u0142 m.in. dla Media i Marketing Polska, Brief, Harvard Business Review Polska i Dziennika. Tw&oacute;rca koncepcji, redaktor naczelny i kierownik projektu miesi\u0119cznika Marketing &amp; more.<\/p>\n<p>Adam Bodziak jako dziennikarz pracowa\u0142 m.in. dla Dziennika, Wprost i \u017bycia Warszawy. Wsp&oacute;\u0142tworzy\u0142 miesi\u0119cznik Marketing &amp; more i by\u0142 w nim redaktorem prowadz\u0105cym.<\/p>\n<p>&nbsp;<\/p>\n","protected":false},"excerpt":{"rendered":"6 maja oficjalnie rusza nowa agencja PR. Tworz\u0105 j\u0105 byli dziennikarze biznesowi &#8211; Tomasz Kamyk i Adam Bodziak.","protected":false},"author":1,"featured_media":26497,"comment_status":"open","ping_status":"closed","sticky":false,"template":"","format":"standard","meta":{"csco_display_header_overlay":false,"csco_singular_sidebar":"","csco_page_header_type":"","csco_page_load_nextpost":"","csco_post_video_location":[],"csco_post_video_location_hash":"","csco_post_video_url":"","csco_post_video_bg_start_time":0,"csco_post_video_bg_end_time":0,"footnotes":""},"categories":[9648],"tags":[],"class_list":{"0":"post-26496","1":"post","2":"type-post","3":"status-publish","4":"format-standard","5":"has-post-thumbnail","7":"category-pr","8":"cs-entry","9":"cs-video-wrap"},"_links":{"self":[{"href":"https:\/\/mediarun.com\/pl\/wp-json\/wp\/v2\/posts\/26496","targetHints":{"allow":["GET"]}}],"collection":[{"href":"https:\/\/mediarun.com\/pl\/wp-json\/wp\/v2\/posts"}],"about":[{"href":"https:\/\/mediarun.com\/pl\/wp-json\/wp\/v2\/types\/post"}],"author":[{"embeddable":true,"href":"https:\/\/mediarun.com\/pl\/wp-json\/wp\/v2\/users\/1"}],"replies":[{"embeddable":true,"href":"https:\/\/mediarun.com\/pl\/wp-json\/wp\/v2\/comments?post=26496"}],"version-history":[{"count":0,"href":"https:\/\/mediarun.com\/pl\/wp-json\/wp\/v2\/posts\/26496\/revisions"}],"wp:featuredmedia":[{"embeddable":true,"href":"https:\/\/mediarun.com\/pl\/wp-json\/wp\/v2\/media\/26497"}],"wp:attachment":[{"href":"https:\/\/mediarun.com\/pl\/wp-json\/wp\/v2\/media?parent=26496"}],"wp:term":[{"taxonomy":"category","embeddable":true,"href":"https:\/\/mediarun.com\/pl\/wp-json\/wp\/v2\/categories?post=26496"},{"taxonomy":"post_tag","embeddable":true,"href":"https:\/\/mediarun.com\/pl\/wp-json\/wp\/v2\/tags?post=26496"}],"curies":[{"name":"wp","href":"https:\/\/api.w.org\/{rel}","templated":true}]}}