{"id":26426,"date":"2010-05-05T15:18:43","date_gmt":"2010-05-05T13:18:43","guid":{"rendered":"https:\/\/mediarun.com\/index.php\/news-posts\/antyradio-ma-nowego-dyrektora-programowego\/"},"modified":"2015-03-17T12:12:43","modified_gmt":"2015-03-17T12:12:43","slug":"antyradio-ma-nowego-dyrektora-programowego","status":"publish","type":"post","link":"https:\/\/mediarun.com\/pl\/ludzie\/kariera\/antyradio-ma-nowego-dyrektora-programowego.html","title":{"rendered":"Antyradio ma nowego dyrektora programowego"},"content":{"rendered":"<p>Dotychczas obowi\u0105zki te pe\u0142ni\u0142 Przemys\u0142aw Oracz, b\u0119d\u0105c jednocze\u015bnie dyrektorem marek lokalnych Eurozet. By\u0142o to rozwi\u0105zanie tymczasowe, do momentu znalezienia odpowiedniego kandydata na to stanowisko.<\/p>\n<p>Przemys\u0142aw Oracz pozostaje nadal dyrektorem marek lokalnych Eurozet.<\/p>\n<p>Jaros\u0142aw Paszkowski posiada ponad 20-letnie do\u015bwiadczenie pracy w radiu. Od 1999 roku by\u0142 zwi\u0105zany z Radiem Wawa, gdzie odpowiada\u0142 za ca\u0142o\u015b\u0107 funkcjonowania stacji. Zajmowa\u0142 tam stanowiska dyrektora programowego, dyrektora sieci i dyrektora Radia. Wcze\u015bniej pracowa\u0142 m.in. w Radiu Pro Kolor, Radiu ABC, Radiu Park FM, Radiu O&#8217;le, Polskim Radiu Katowice, a tak\u017ce Polskim Radiu Opole. By\u0142 m.in. jednym z autor&oacute;w koncepcji programowej Radia Wawa oraz wsp&oacute;\u0142tw&oacute;rc\u0105 nagr&oacute;d Z\u0142ote Dzioby.<\/p>\n","protected":false},"excerpt":{"rendered":"Od 5 maja br. nowym dyrektorem programowym Antyradia jest Jaros\u0142aw Paszkowski.","protected":false},"author":1,"featured_media":26427,"comment_status":"open","ping_status":"closed","sticky":false,"template":"","format":"standard","meta":{"csco_display_header_overlay":false,"csco_singular_sidebar":"","csco_page_header_type":"","csco_page_load_nextpost":"","csco_post_video_location":[],"csco_post_video_location_hash":"","csco_post_video_url":"","csco_post_video_bg_start_time":0,"csco_post_video_bg_end_time":0,"footnotes":""},"categories":[5909],"tags":[706],"class_list":{"0":"post-26426","1":"post","2":"type-post","3":"status-publish","4":"format-standard","5":"has-post-thumbnail","7":"category-kariera","8":"tag-antyradio","9":"cs-entry","10":"cs-video-wrap"},"_links":{"self":[{"href":"https:\/\/mediarun.com\/pl\/wp-json\/wp\/v2\/posts\/26426","targetHints":{"allow":["GET"]}}],"collection":[{"href":"https:\/\/mediarun.com\/pl\/wp-json\/wp\/v2\/posts"}],"about":[{"href":"https:\/\/mediarun.com\/pl\/wp-json\/wp\/v2\/types\/post"}],"author":[{"embeddable":true,"href":"https:\/\/mediarun.com\/pl\/wp-json\/wp\/v2\/users\/1"}],"replies":[{"embeddable":true,"href":"https:\/\/mediarun.com\/pl\/wp-json\/wp\/v2\/comments?post=26426"}],"version-history":[{"count":0,"href":"https:\/\/mediarun.com\/pl\/wp-json\/wp\/v2\/posts\/26426\/revisions"}],"wp:featuredmedia":[{"embeddable":true,"href":"https:\/\/mediarun.com\/pl\/wp-json\/wp\/v2\/media\/26427"}],"wp:attachment":[{"href":"https:\/\/mediarun.com\/pl\/wp-json\/wp\/v2\/media?parent=26426"}],"wp:term":[{"taxonomy":"category","embeddable":true,"href":"https:\/\/mediarun.com\/pl\/wp-json\/wp\/v2\/categories?post=26426"},{"taxonomy":"post_tag","embeddable":true,"href":"https:\/\/mediarun.com\/pl\/wp-json\/wp\/v2\/tags?post=26426"}],"curies":[{"name":"wp","href":"https:\/\/api.w.org\/{rel}","templated":true}]}}