{"id":26400,"date":"2010-05-06T14:05:31","date_gmt":"2010-05-06T12:05:31","guid":{"rendered":"https:\/\/mediarun.com\/index.php\/news-posts\/nowy-cykl-w-dgp\/"},"modified":"2010-05-06T14:05:31","modified_gmt":"2010-05-06T12:05:31","slug":"nowy-cykl-w-dgp","status":"publish","type":"post","link":"https:\/\/mediarun.com\/pl\/media\/prasa\/nowy-cykl-w-dgp.html","title":{"rendered":"Nowy cykl w DGP"},"content":{"rendered":"<p>Od 6 do 28 maja na \u0142amach DGP poruszonych zostanie 16 temat&oacute;w, kt&oacute;re maj\u0105 fundamentalny wp\u0142yw na sprawno\u015b\u0107 dzia\u0142ania polskiego pa\u0144stwa. Artyku\u0142y z cyklu, znajd\u0105 si\u0119 r&oacute;wnie\u017c na stronach internetowych Infor Biznes: <a rel=\"nofollow noopener\" href=\"http:\/\/www.gazetaprawna.pl\/wiadomosci\/artykuly\/418338,dgp_proponuje_rozwiazanie_16_najwazniejszych_problemow_panstwa.html\" target=\"_blank\">gazetaprawna.pl<\/a> i <a rel=\"nofollow noopener\" href=\"http:\/\/www.dziennik.pl\/gospodarka\/rada-monitorujaca-dgp\/\" target=\"_blank\">dziennik.pl<\/a> za po\u015brednictwem kt&oacute;rych, internauci b\u0119d\u0105 mogli wyrazi\u0107 swoje zdanie na forum dyskusyjnym. Celem cyklu jest zwr&oacute;cenie uwagi opinii publicznej na zaniechania w reformach i zmianach systemowych w Polsce<\/p>\n<p>Dodatkowo, 7 maja uruchomiona zostanie specjalna sekcja po\u015bwi\u0119cona dzia\u0142alno\u015bci Rady Monitoruj\u0105cej w serwisie <a rel=\"nofollow noopener\" href=\"http:\/\/www.gazetaprawna.pl\/\" target=\"_blank\">gazetaprawna.pl<\/a>.<\/p>\n<p>W sk\u0142ad Rady Monitoruj\u0105cej powo\u0142ali zostali: Krzysztof Rybi\u0144ski &#8211; pomys\u0142odawca i przewodnicz\u0105cy Rady,  profesor Szko\u0142y G\u0142&oacute;wnej Handlowej, by\u0142y wiceprezes Narodowego Banku Polskiego w latach 2004-2008; Robert Gwiazdowski &#8211; doradca ekonomiczno-podatkowy, prezydent Centrum im. Adama Smitha; Ireneusz Jab\u0142o\u0144ski &#8211; cz\u0142onek zarz\u0105du i ekspert Centrum im. Adama Smitha w zakresie ekonomii; Maciej Grelowski &#8211; przewodnicz\u0105cy rady g\u0142&oacute;wnej Business Centre Club; El\u017cbieta M\u0105czy\u0144ska-Ziemacka &#8211; prezes Polskiego Towarzystwa Ekonomicznego, pracownik naukowo-badawczy w Instytucie Nauk Ekonomicznych Polskiej Akademii Nauk; Wiktor Wojciechowski &#8211; cz\u0142onek zarz\u0105du i dyrektor dzia\u0142u analitycznego Forum Obywatelskiego Rozwoju, ekspert z zakresu ekonomii pracy; Ryszard Petru &#8211; g\u0142&oacute;wny ekonomista i dyrektor ds. strategii i nadzoru w\u0142a\u015bcicielskiego BRE Banku; Agnieszka Ch\u0142o\u0144-Domi\u0144czak &#8211; urz\u0119dnik pa\u0144stwowy i Stanis\u0142awa Golinowska &#8211; wsp&oacute;\u0142za\u0142o\u017cycielka fundacji CASE (Centrum Analiz Spo\u0142eczno-Ekonomicznych) oraz ekspert z zakresu polityki spo\u0142ecznej i reform spo\u0142ecznych.<\/p>\n","protected":false},"excerpt":{"rendered":"Dziennik Gazeta Prawna zaprosi\u0142 do wsp&oacute;\u0142pracy Rad\u0119 Monitoruj\u0105c\u0105. Efekty jej prac przedstawione zostan\u0105 w nowym cyklu &#8211; &#8222;Rada Monitoruj\u0105ca DGP &#8211; 16 reform dla Polski&#8221;.","protected":false},"author":1,"featured_media":26401,"comment_status":"open","ping_status":"closed","sticky":false,"template":"","format":"standard","meta":{"csco_display_header_overlay":false,"csco_singular_sidebar":"","csco_page_header_type":"","csco_page_load_nextpost":"","csco_post_video_location":[],"csco_post_video_location_hash":"","csco_post_video_url":"","csco_post_video_bg_start_time":0,"csco_post_video_bg_end_time":0,"footnotes":""},"categories":[9673],"tags":[],"class_list":{"0":"post-26400","1":"post","2":"type-post","3":"status-publish","4":"format-standard","5":"has-post-thumbnail","7":"category-prasa","8":"cs-entry","9":"cs-video-wrap"},"_links":{"self":[{"href":"https:\/\/mediarun.com\/pl\/wp-json\/wp\/v2\/posts\/26400","targetHints":{"allow":["GET"]}}],"collection":[{"href":"https:\/\/mediarun.com\/pl\/wp-json\/wp\/v2\/posts"}],"about":[{"href":"https:\/\/mediarun.com\/pl\/wp-json\/wp\/v2\/types\/post"}],"author":[{"embeddable":true,"href":"https:\/\/mediarun.com\/pl\/wp-json\/wp\/v2\/users\/1"}],"replies":[{"embeddable":true,"href":"https:\/\/mediarun.com\/pl\/wp-json\/wp\/v2\/comments?post=26400"}],"version-history":[{"count":0,"href":"https:\/\/mediarun.com\/pl\/wp-json\/wp\/v2\/posts\/26400\/revisions"}],"wp:featuredmedia":[{"embeddable":true,"href":"https:\/\/mediarun.com\/pl\/wp-json\/wp\/v2\/media\/26401"}],"wp:attachment":[{"href":"https:\/\/mediarun.com\/pl\/wp-json\/wp\/v2\/media?parent=26400"}],"wp:term":[{"taxonomy":"category","embeddable":true,"href":"https:\/\/mediarun.com\/pl\/wp-json\/wp\/v2\/categories?post=26400"},{"taxonomy":"post_tag","embeddable":true,"href":"https:\/\/mediarun.com\/pl\/wp-json\/wp\/v2\/tags?post=26400"}],"curies":[{"name":"wp","href":"https:\/\/api.w.org\/{rel}","templated":true}]}}