{"id":26368,"date":"2010-05-07T12:30:49","date_gmt":"2010-05-07T10:30:49","guid":{"rendered":"https:\/\/mediarun.com\/index.php\/news-posts\/tusk-najczesciej-na-okladkach-tygodnikow\/"},"modified":"2010-05-07T12:30:49","modified_gmt":"2010-05-07T10:30:49","slug":"tusk-najczesciej-na-okladkach-tygodnikow","status":"publish","type":"post","link":"https:\/\/mediarun.com\/pl\/media\/prasa\/tusk-najczesciej-na-okladkach-tygodnikow.html","title":{"rendered":"Tusk najcz\u0119\u015bciej na ok\u0142adkach tygodnik\u00f3w"},"content":{"rendered":"<p>Firma Press-Service Monitoring Medi&oacute;w dokona\u0142a monitoringu i analizy ok\u0142adek tygodnik&oacute;w opinii w pierwszym kwartale 2010 roku.<\/p>\n<p>Najcz\u0119\u015bciej tw&oacute;rcy polskich tygodnik&oacute;w opinii korzystali z aktualnych zdj\u0119\u0107 os&oacute;b b\u0105d\u017a zdarze\u0144, kt&oacute;re mia\u0142y miejsce w ostatnim czasie. Do\u015b\u0107 popularne okaza\u0142o sie tak\u017ce prezentowanie ilustracji. Rzadko na pierwszych stronach pojawia\u0142a sie infografika oraz zdj\u0119cia archiwalne. Fotografie prezentuj\u0105ce aktualne wydarzenia najcz\u0119\u015bciej wykorzystywa\u0142 Tygodnik Solidarno\u015b\u0107 oraz Angora. Ilustracje natomiast najch\u0119tniej publikowano w Przekroju, Angorze (Angorce) oraz NIE. Narzedziem fotomonta\u017cu z kolei najcz\u0119\u015bciej w I kwartale 2010 roku pos\u0142ugiwali sie tw&oacute;rcy Wprost oraz Newsweeka.<\/p>\n<p>&nbsp;<\/p>\n<p><strong>Kto najcz\u0119\u015bciej go\u015bci\u0142 na pierwszej stronie?<\/strong><\/p>\n<p>Najcz\u0119\u015bciej na ok\u0142adkach polskich tygodnik&oacute;w opinii pojawiali sie m\u0119\u017cczy\u017ani, politycy. W\u015br&oacute;d tych obecnych w I kwartale 2010 roku wymieni\u0107 mo\u017cna: Donalda Tuska (7 razy), Bronis\u0142awa Komorowskiego, Jerzego Szmajdzi\u0144skiego, Jerzego Buzka, Waldemara Pawlaka, Lecha Kaczy\u0144skiego (po 2 razy). Jednak opr&oacute;cz przedstawicieli \u015bwiata polityki na ok\u0142adkach tygodnik&oacute;w opinii odnotowano tak\u017ce obecno\u015b\u0107 reprezentant&oacute;w polskiego show-biznesu oraz sportu (m.in.: Dorota Rabczewska, Maryla Rodowicz, Ryszard Rynkowski, Justyna Kowalczyk, Ewelina Flinta, Adam Ma\u0142ysz).<\/p>\n<p>Co ciekawe, osob\u0105 pojawiaj\u0105c\u0105 si\u0119 najcz\u0119\u015bciej na ok\u0142adach tygodnik&oacute;w opinii, by\u0142 premier Polski, Donald Tusk, jednak tu\u017c za nim uplasowa\u0142a sie Justyna Kowalczyk (5 razy na pierwszej stronie). Tak du\u017ce zainteresowanie polsk\u0105 narciarka zwi\u0105zane by\u0142o z sukcesami, jakie odnios\u0142a na igrzyskach w Vancouver.<\/p>\n<p>&nbsp;<\/p>\n<p><strong>Jakie tematy by\u0142y polecane przez tygodniki na ok\u0142adkach?<\/strong><\/p>\n<p>W I kwartale 2010 r. najcz\u0119\u015bciej podejmowanymi tematami, do kt&oacute;rych zapoznania zaprasza\u0142y tygodniki, by\u0142y w\u0105tki polityczne. Popularnym rodzajem tematu wyr&oacute;\u017cnionym na ok\u0142adkach tygodnik&oacute;w opinii by\u0142y tak\u017ce kwestie spo\u0142eczno-obyczajowe. Dziennikarze wspominali o konserwatyzmie Polak&oacute;w, zastanawiali sie, jak wychowywa\u0107 swoj\u0105 pociech\u0119, \u017ceby sta\u0142a si\u0119 milionerem, dyskutowano tak\u017ce na temat tego, komu mo\u017cna odebra\u0107 dziecko.<\/p>\n<p>Pisma sk\u0142ada\u0142y ponadto \u017cyczenia noworoczne swoim czytelnikom. W marcu zapomniano jednak o paniach. W\u0142a\u015bciwie tylko Zielony Sztandar wydrukowa\u0142 \u017cyczenia dla kobiet. Tw&oacute;rcy tygodnik&oacute;w opinii w szczeg&oacute;lny spos&oacute;b wyr&oacute;\u017cnili ponadto informacje dotycz\u0105ce kultury. W\u015br&oacute;d nich znalaz\u0142y si\u0119 doniesienia o 17-letniej pisarce Michalinie Olsza\u0144skiej, biografiach s\u0142awnych os&oacute;b, przyznaniu ludziom kultury &#8222;Paszport&oacute;w Polityki&#8221;. Sporo miejsca po\u015bwi\u0119cono ponadto dyskusjom nad spraw\u0105 kontrowersyjnej biografii Ryszarda Kapu\u015bci\u0144skiego. Dywagowano r&oacute;wnie\u017c nad ustaw\u0105 dotyczac\u0105 przeciwdzia\u0142ania przemocy w rodzinie.<\/p>\n<p>Press-Service obj\u0119\u0142a analiz\u0105 9 tygodnik&oacute;w (Angora, Newsweek, NIE, Polityka, Przekr&oacute;j, Tygodnik Powszechny Tygodnik Solidarno\u015b\u0107, Wprost i Zielony Sztandar) w okresie od stycze\u0144-marzec 2010 r.<\/p>\n","protected":false},"excerpt":{"rendered":"W pierwszym kwartale 2010 r. na ok\u0142adkach polskich tygodnik&oacute;w najcz\u0119\u015bciej pojawia\u0142 si\u0119 Donald Tusk, tu\u017c za nim znalaz\u0142a si\u0119 Justyna Kowalczyk.","protected":false},"author":1,"featured_media":26369,"comment_status":"open","ping_status":"closed","sticky":false,"template":"","format":"standard","meta":{"csco_display_header_overlay":false,"csco_singular_sidebar":"","csco_page_header_type":"","csco_page_load_nextpost":"","csco_post_video_location":[],"csco_post_video_location_hash":"","csco_post_video_url":"","csco_post_video_bg_start_time":0,"csco_post_video_bg_end_time":0,"footnotes":""},"categories":[9673],"tags":[],"class_list":{"0":"post-26368","1":"post","2":"type-post","3":"status-publish","4":"format-standard","5":"has-post-thumbnail","7":"category-prasa","8":"cs-entry","9":"cs-video-wrap"},"_links":{"self":[{"href":"https:\/\/mediarun.com\/pl\/wp-json\/wp\/v2\/posts\/26368","targetHints":{"allow":["GET"]}}],"collection":[{"href":"https:\/\/mediarun.com\/pl\/wp-json\/wp\/v2\/posts"}],"about":[{"href":"https:\/\/mediarun.com\/pl\/wp-json\/wp\/v2\/types\/post"}],"author":[{"embeddable":true,"href":"https:\/\/mediarun.com\/pl\/wp-json\/wp\/v2\/users\/1"}],"replies":[{"embeddable":true,"href":"https:\/\/mediarun.com\/pl\/wp-json\/wp\/v2\/comments?post=26368"}],"version-history":[{"count":0,"href":"https:\/\/mediarun.com\/pl\/wp-json\/wp\/v2\/posts\/26368\/revisions"}],"wp:featuredmedia":[{"embeddable":true,"href":"https:\/\/mediarun.com\/pl\/wp-json\/wp\/v2\/media\/26369"}],"wp:attachment":[{"href":"https:\/\/mediarun.com\/pl\/wp-json\/wp\/v2\/media?parent=26368"}],"wp:term":[{"taxonomy":"category","embeddable":true,"href":"https:\/\/mediarun.com\/pl\/wp-json\/wp\/v2\/categories?post=26368"},{"taxonomy":"post_tag","embeddable":true,"href":"https:\/\/mediarun.com\/pl\/wp-json\/wp\/v2\/tags?post=26368"}],"curies":[{"name":"wp","href":"https:\/\/api.w.org\/{rel}","templated":true}]}}