{"id":26292,"date":"2010-05-10T21:29:45","date_gmt":"2010-05-10T19:29:45","guid":{"rendered":"https:\/\/mediarun.com\/index.php\/news-posts\/zmiany-w-auto-moto\/"},"modified":"2010-05-10T21:29:45","modified_gmt":"2010-05-10T19:29:45","slug":"zmiany-w-auto-moto","status":"publish","type":"post","link":"https:\/\/mediarun.com\/pl\/media\/prasa\/zmiany-w-auto-moto.html","title":{"rendered":"Zmiany w Auto Moto"},"content":{"rendered":"<p>Wydawca postanowi\u0142 powierzy\u0107 mu t\u0119 funkcj\u0119 po odej\u015bciu poprzedniego naczelnego, Jaros\u0142awa Maznasa.<\/p>\n<p>Dyrektorem artystycznym segmentu motoryzacyjnego jest obecnie Micha\u0142 Janicki (poprzednio w G+J).<\/p>\n<p>Aktualne wydanie miesi\u0119cznika Auto Moto ukaza\u0142o si\u0119 ju\u017c z dokonanymi przez nowe kierownictwo zmianami. Magazyn ma obecnie od\u015bwie\u017cony layout i nowy papier. Zmodyfikowana zosta\u0142a r&oacute;wnie\u017c struktura pisma.<\/p>\n<p>Obj\u0119to\u015b\u0107 i cena nie uleg\u0142y zmianie.<\/p>\n","protected":false},"excerpt":{"rendered":"Krzysztof Burmajster, redaktor naczelny tygodnika Motor, odpowiada obecnie tak\u017ce za redakcj\u0119 miesi\u0119cznika Auto Moto.","protected":false},"author":1,"featured_media":26293,"comment_status":"open","ping_status":"closed","sticky":false,"template":"","format":"standard","meta":{"csco_display_header_overlay":false,"csco_singular_sidebar":"","csco_page_header_type":"","csco_page_load_nextpost":"","csco_post_video_location":[],"csco_post_video_location_hash":"","csco_post_video_url":"","csco_post_video_bg_start_time":0,"csco_post_video_bg_end_time":0,"footnotes":""},"categories":[9673],"tags":[60],"class_list":{"0":"post-26292","1":"post","2":"type-post","3":"status-publish","4":"format-standard","5":"has-post-thumbnail","7":"category-prasa","8":"tag-bauer","9":"cs-entry","10":"cs-video-wrap"},"_links":{"self":[{"href":"https:\/\/mediarun.com\/pl\/wp-json\/wp\/v2\/posts\/26292","targetHints":{"allow":["GET"]}}],"collection":[{"href":"https:\/\/mediarun.com\/pl\/wp-json\/wp\/v2\/posts"}],"about":[{"href":"https:\/\/mediarun.com\/pl\/wp-json\/wp\/v2\/types\/post"}],"author":[{"embeddable":true,"href":"https:\/\/mediarun.com\/pl\/wp-json\/wp\/v2\/users\/1"}],"replies":[{"embeddable":true,"href":"https:\/\/mediarun.com\/pl\/wp-json\/wp\/v2\/comments?post=26292"}],"version-history":[{"count":0,"href":"https:\/\/mediarun.com\/pl\/wp-json\/wp\/v2\/posts\/26292\/revisions"}],"wp:featuredmedia":[{"embeddable":true,"href":"https:\/\/mediarun.com\/pl\/wp-json\/wp\/v2\/media\/26293"}],"wp:attachment":[{"href":"https:\/\/mediarun.com\/pl\/wp-json\/wp\/v2\/media?parent=26292"}],"wp:term":[{"taxonomy":"category","embeddable":true,"href":"https:\/\/mediarun.com\/pl\/wp-json\/wp\/v2\/categories?post=26292"},{"taxonomy":"post_tag","embeddable":true,"href":"https:\/\/mediarun.com\/pl\/wp-json\/wp\/v2\/tags?post=26292"}],"curies":[{"name":"wp","href":"https:\/\/api.w.org\/{rel}","templated":true}]}}