{"id":26284,"date":"2010-05-11T00:21:46","date_gmt":"2010-05-10T22:21:46","guid":{"rendered":"https:\/\/mediarun.com\/index.php\/news-posts\/dekada-w-marketingu-jacek-olechowski-em-lab\/"},"modified":"2015-02-08T23:41:29","modified_gmt":"2015-02-08T23:41:29","slug":"dekada-w-marketingu-jacek-olechowski-em-lab","status":"publish","type":"post","link":"https:\/\/mediarun.com\/pl\/trendy\/branding\/dekada-w-marketingu-jacek-olechowski-em-lab.html","title":{"rendered":"Dekada w marketingu: Jacek Olechowski (EM Lab)"},"content":{"rendered":"<p>&nbsp;<\/p>\n<p><strong>Jacek Olechowski\u00a0<\/strong>&#8211; prezes zarz\u0105du EM Lab, pierwszej sp\u00f3\u0142ki z bran\u017cy marketingowej notowanej na NewConnect. Jest wsp\u00f3\u0142w\u0142a\u015bcicielem najwi\u0119kszej niesieciowej grupy reklamowej w Europie \u015arodkowo-Wschodniej &#8211; Change Integrated. Do sp\u00f3\u0142ek kontrolowanych przez niego nale\u017cy r\u00f3wnie\u017c Iklu SA &#8211; w\u0142a\u015bciciel Rankomat.pl &#8211; pierwszej transakcyjnej por\u00f3wnywarki ubezpiecze\u0144 na polskim rynku. Jest cz\u0142onkiem rad nadzorczych Scholz &amp; Friends Warszawa, Internity SA oraz Iklu SA. Wiceprezes polskiego oddzia\u0142u Mi\u0119dzynarodowego Stowarzyszenia Reklamy oraz arbiter Komisji Etyki Reklamy. Od 2005 r. jest jednym z Young Global Leaders nominowanych przez World Economic Forum.<\/p>\n<p><strong>Do pobrania: <a href=\"http:\/\/dl.dropbox.com\/u\/23514\/XC_Dekada.w.marketingu_Jacek.Olechowski_EM.Lab.pdf\" target=\"_blank\" rel=\"noopener\">Dekada w marketingu: Jacek Olechowski (EM Lab)<\/a><\/strong><\/p>\n<p>&nbsp;<\/p>\n","protected":false},"excerpt":{"rendered":"&nbsp;\nW kolejnej ods\u0142onie naszego cyklu o efektywno\u015bci, efektowno\u015bci i o Robercie Kubicy z Jackiem Olechowskim, prezesem zarz\u0105du EM Lab, rozmawia Micha\u0142 Celi\u0144ski z Xevin Consulting\n&nbsp;","protected":false},"author":1,"featured_media":0,"comment_status":"open","ping_status":"closed","sticky":false,"template":"","format":"standard","meta":{"csco_display_header_overlay":false,"csco_singular_sidebar":"","csco_page_header_type":"","csco_page_load_nextpost":"","csco_post_video_location":[],"csco_post_video_location_hash":"","csco_post_video_url":"","csco_post_video_bg_start_time":0,"csco_post_video_bg_end_time":0,"footnotes":""},"categories":[9658],"tags":[350,1969,5277,5278,1957],"class_list":{"0":"post-26284","1":"post","2":"type-post","3":"status-publish","4":"format-standard","6":"category-branding","7":"tag-em-lab","8":"tag-grass-roots","9":"tag-jacek-olechowski","10":"tag-mediacap","11":"tag-xevin-consulting","12":"cs-entry","13":"cs-video-wrap"},"_links":{"self":[{"href":"https:\/\/mediarun.com\/pl\/wp-json\/wp\/v2\/posts\/26284","targetHints":{"allow":["GET"]}}],"collection":[{"href":"https:\/\/mediarun.com\/pl\/wp-json\/wp\/v2\/posts"}],"about":[{"href":"https:\/\/mediarun.com\/pl\/wp-json\/wp\/v2\/types\/post"}],"author":[{"embeddable":true,"href":"https:\/\/mediarun.com\/pl\/wp-json\/wp\/v2\/users\/1"}],"replies":[{"embeddable":true,"href":"https:\/\/mediarun.com\/pl\/wp-json\/wp\/v2\/comments?post=26284"}],"version-history":[{"count":0,"href":"https:\/\/mediarun.com\/pl\/wp-json\/wp\/v2\/posts\/26284\/revisions"}],"wp:attachment":[{"href":"https:\/\/mediarun.com\/pl\/wp-json\/wp\/v2\/media?parent=26284"}],"wp:term":[{"taxonomy":"category","embeddable":true,"href":"https:\/\/mediarun.com\/pl\/wp-json\/wp\/v2\/categories?post=26284"},{"taxonomy":"post_tag","embeddable":true,"href":"https:\/\/mediarun.com\/pl\/wp-json\/wp\/v2\/tags?post=26284"}],"curies":[{"name":"wp","href":"https:\/\/api.w.org\/{rel}","templated":true}]}}