{"id":26266,"date":"2010-05-11T12:10:28","date_gmt":"2010-05-11T10:10:28","guid":{"rendered":"https:\/\/mediarun.com\/index.php\/news-posts\/olejniczak-doradza-radiu-zet\/"},"modified":"2010-05-11T12:10:28","modified_gmt":"2010-05-11T10:10:28","slug":"olejniczak-doradza-radiu-zet","status":"publish","type":"post","link":"https:\/\/mediarun.com\/pl\/media\/radio\/olejniczak-doradza-radiu-zet.html","title":{"rendered":"Olejniczak doradza Radiu Zet"},"content":{"rendered":"<p>Decyzj\u0119 o nawi\u0105zaniu wsp&oacute;\u0142pracy podj\u0105\u0142 Mateusz Kirstein &#8211; redaktor naczelny i dyrektor programowy Radia Zet.<\/p>\n<p>Olejniczak b\u0119dzie doradza\u0142 przy tworzeniu najwa\u017cniejszych projekt&oacute;w antenowych i opiniowa\u0142 strategiczne decyzje programowe stacji.<\/p>\n<p>Rafa\u0142 Olejniczak by\u0142 zwi\u0105zany z Grup\u0105 Eurozet przez 13 lat. Pe\u0142ni\u0142 funkcje m.in. dyrektora dzia\u0142u informacji Radia Zet oraz zast\u0119pcy redaktora naczelnego Radia Zet.<\/p>\n<p>Obecnie prowadzi w\u0142asne projekty artystyczne.<\/p>\n","protected":false},"excerpt":{"rendered":"11 maja br. Rafa\u0142 Olejniczak zosta\u0142 zewn\u0119trznym konsultantem Radia Zet. B\u0119dzie doradza\u0142 stacji przy podejmowaniu strategicznych decyzji.","protected":false},"author":1,"featured_media":26267,"comment_status":"open","ping_status":"closed","sticky":false,"template":"","format":"standard","meta":{"csco_display_header_overlay":false,"csco_singular_sidebar":"","csco_page_header_type":"","csco_page_load_nextpost":"","csco_post_video_location":[],"csco_post_video_location_hash":"","csco_post_video_url":"","csco_post_video_bg_start_time":0,"csco_post_video_bg_end_time":0,"footnotes":""},"categories":[9672],"tags":[504],"class_list":{"0":"post-26266","1":"post","2":"type-post","3":"status-publish","4":"format-standard","5":"has-post-thumbnail","7":"category-radio","8":"tag-radio-zet","9":"cs-entry","10":"cs-video-wrap"},"_links":{"self":[{"href":"https:\/\/mediarun.com\/pl\/wp-json\/wp\/v2\/posts\/26266","targetHints":{"allow":["GET"]}}],"collection":[{"href":"https:\/\/mediarun.com\/pl\/wp-json\/wp\/v2\/posts"}],"about":[{"href":"https:\/\/mediarun.com\/pl\/wp-json\/wp\/v2\/types\/post"}],"author":[{"embeddable":true,"href":"https:\/\/mediarun.com\/pl\/wp-json\/wp\/v2\/users\/1"}],"replies":[{"embeddable":true,"href":"https:\/\/mediarun.com\/pl\/wp-json\/wp\/v2\/comments?post=26266"}],"version-history":[{"count":0,"href":"https:\/\/mediarun.com\/pl\/wp-json\/wp\/v2\/posts\/26266\/revisions"}],"wp:featuredmedia":[{"embeddable":true,"href":"https:\/\/mediarun.com\/pl\/wp-json\/wp\/v2\/media\/26267"}],"wp:attachment":[{"href":"https:\/\/mediarun.com\/pl\/wp-json\/wp\/v2\/media?parent=26266"}],"wp:term":[{"taxonomy":"category","embeddable":true,"href":"https:\/\/mediarun.com\/pl\/wp-json\/wp\/v2\/categories?post=26266"},{"taxonomy":"post_tag","embeddable":true,"href":"https:\/\/mediarun.com\/pl\/wp-json\/wp\/v2\/tags?post=26266"}],"curies":[{"name":"wp","href":"https:\/\/api.w.org\/{rel}","templated":true}]}}