{"id":26200,"date":"2010-05-12T14:48:15","date_gmt":"2010-05-12T12:48:15","guid":{"rendered":"https:\/\/mediarun.com\/index.php\/news-posts\/axel-springer-wydaje-wielka-kolekcje-wojenna\/"},"modified":"2010-05-12T14:48:15","modified_gmt":"2010-05-12T12:48:15","slug":"axel-springer-wydaje-wielka-kolekcje-wojenna","status":"publish","type":"post","link":"https:\/\/mediarun.com\/pl\/media\/prasa\/axel-springer-wydaje-wielka-kolekcje-wojenna.html","title":{"rendered":"Axel Springer wydaje &#8222;Wielk\u0105 Kolekcj\u0119 Wojenn\u0105&#8221;"},"content":{"rendered":"<p>Kolekcja obejmuje takie filmy, jak &#8222;Sztandar chwa\u0142y&#8221;, &#8222;Full Metal Jacket&#8221;, &#8222;Wielka Czerwona Jedynka&#8221;, &#8222;Tylko dla or\u0142&oacute;w&#8221; czy &#8222;Parszywa dwunastka&#8221;. W ramach serii uka\u017c\u0105 si\u0119 zar&oacute;wno klasyki gatunku, jak i najnowsze produkcje filmowe. Akcja film&oacute;w wchodz\u0105cych w sk\u0142ad kolekcji rozgrywa si\u0119 g\u0142&oacute;wnie w realiach II wojny \u015bwiatowej i podczas wojny w Wietnamie, ale obrazy poruszaj\u0105 tak\u017ce tematyk\u0119 wojny secesyjnej oraz wsp&oacute;\u0142czesnych konflikt&oacute;w w Iraku i w Afryce.<\/p>\n<p>Pierwszy tom &#8222;Wielkiej Kolekcji Filmowej&#8221; trafi na rynek w promocyjnej cenie 9,87 z\u0142. Kolejne tomy serii b\u0119d\u0105 si\u0119 ukazywa\u0107 co dwa tygodnie w czwartek w cenie 29,87 z\u0142. Wszystkie filmy wydawane b\u0119d\u0105 wraz z ksi\u0105\u017ckami zawieraj\u0105cymi informacje o produkcji obrazu, a tak\u017ce rozdzia\u0142 dotycz\u0105cy historycznego t\u0142a wydarze\u0144 zilustrowanych w filmie. Ksi\u0105\u017cki wydane b\u0119d\u0105 w twardej oprawie. Seria adresowana jest g\u0142&oacute;wnie do m\u0119\u017cczyzn w wieku powy\u017cej 20 lat.<\/p>\n<p>Wej\u015bciu na rynek &#8222;Wielkiej Kolekcji Wojennej&#8221; towarzyszy\u0107 b\u0119dzie kampania reklamowa w telewizji (m.in. Polsat, Polsat Sport, TVN, TVN Turbo, TVN24, TVP, Superstacja), prasie i internecie oraz w punktach sprzeda\u017cy. Kreacj\u0119 kampanii opracowa\u0142a agencja PRL i dzia\u0142 marketingu wydawcy, a za zakup medi&oacute;w odpowiada dom mediowy MediaCom.<\/p>\n","protected":false},"excerpt":{"rendered":"W czwartek 13 maja uka\u017ce si\u0119 pierwszy tom &#8222;Wielkiej Kolekcji Wojennej&#8221; wydanej przez Axel Springer Polska. Kolekcja sk\u0142ada si\u0119 z 23 ksi\u0105\u017cek z filmami wojennymi na DVD.","protected":false},"author":1,"featured_media":26201,"comment_status":"open","ping_status":"closed","sticky":false,"template":"","format":"standard","meta":{"csco_display_header_overlay":false,"csco_singular_sidebar":"","csco_page_header_type":"","csco_page_load_nextpost":"","csco_post_video_location":[],"csco_post_video_location_hash":"","csco_post_video_url":"","csco_post_video_bg_start_time":0,"csco_post_video_bg_end_time":0,"footnotes":""},"categories":[9673],"tags":[126],"class_list":{"0":"post-26200","1":"post","2":"type-post","3":"status-publish","4":"format-standard","5":"has-post-thumbnail","7":"category-prasa","8":"tag-ringier-axel-springer","9":"cs-entry","10":"cs-video-wrap"},"_links":{"self":[{"href":"https:\/\/mediarun.com\/pl\/wp-json\/wp\/v2\/posts\/26200","targetHints":{"allow":["GET"]}}],"collection":[{"href":"https:\/\/mediarun.com\/pl\/wp-json\/wp\/v2\/posts"}],"about":[{"href":"https:\/\/mediarun.com\/pl\/wp-json\/wp\/v2\/types\/post"}],"author":[{"embeddable":true,"href":"https:\/\/mediarun.com\/pl\/wp-json\/wp\/v2\/users\/1"}],"replies":[{"embeddable":true,"href":"https:\/\/mediarun.com\/pl\/wp-json\/wp\/v2\/comments?post=26200"}],"version-history":[{"count":0,"href":"https:\/\/mediarun.com\/pl\/wp-json\/wp\/v2\/posts\/26200\/revisions"}],"wp:featuredmedia":[{"embeddable":true,"href":"https:\/\/mediarun.com\/pl\/wp-json\/wp\/v2\/media\/26201"}],"wp:attachment":[{"href":"https:\/\/mediarun.com\/pl\/wp-json\/wp\/v2\/media?parent=26200"}],"wp:term":[{"taxonomy":"category","embeddable":true,"href":"https:\/\/mediarun.com\/pl\/wp-json\/wp\/v2\/categories?post=26200"},{"taxonomy":"post_tag","embeddable":true,"href":"https:\/\/mediarun.com\/pl\/wp-json\/wp\/v2\/tags?post=26200"}],"curies":[{"name":"wp","href":"https:\/\/api.w.org\/{rel}","templated":true}]}}