{"id":26152,"date":"2010-05-14T11:50:34","date_gmt":"2010-05-14T09:50:34","guid":{"rendered":"https:\/\/mediarun.com\/index.php\/news-posts\/chudy-i-jego-ludzie-jesienia-w-polsacie\/"},"modified":"2010-05-14T11:50:34","modified_gmt":"2010-05-14T09:50:34","slug":"chudy-i-jego-ludzie-jesienia-w-polsacie","status":"publish","type":"post","link":"https:\/\/mediarun.com\/pl\/media\/tv\/chudy-i-jego-ludzie-jesienia-w-polsacie.html","title":{"rendered":"Chudy i jego ludzie jesieni\u0105 w Polsacie"},"content":{"rendered":"<p>Re\u017cyserem komediowej opowie\u015bci o pechowych policjantach z kryminogennej dzielnicy wielkiego miasta jest Wojciech Adamczyk (&#8222;Ranczo&#8221;).<\/p>\n<p>Zdj\u0119cia rozpocz\u0119\u0142y si\u0119 7 kwietnia, a ich zako\u0144czenie planowane jest 10 lipca. Role g\u0142&oacute;wne w serialu graj\u0105 m.in.: Cezary \u017bak (Chudy), Piotr Pr\u0119gowski (Marian), Micha\u0142 \u017burawski (\u0141ukasz), Dorota Segda (Lola, \u017cona Chudego), Anna Cie\u015blak (Sylwia), Edyta Olsz&oacute;wka (Barbara), Paulina Chapko (Kasia), Marian Dzi\u0119dziel (szef komisariatu), Micha\u0142 Marczewski (komisarz Rataj) i inni.<\/p>\n<p>Pierwowzorem &#8222;Chudego i jego ludzi&#8221; jest hiszpa\u0144ski serial &#8222;Los Hombres de Paco&#8221; na licencji Imachina International Sales.<\/p>\n<p>Emisja serialu &#8222;Chudy i jego ludzie&#8221; planowana jest na jesie\u0144.<\/p>\n","protected":false},"excerpt":{"rendered":"W Warszawie trwaj\u0105 zdj\u0119cia do trzynastoodcinkowego serialu &#8222;Chudy i jego ludzie&#8221;, realizowanego przez Studio A dla Telewizji Polsat.","protected":false},"author":1,"featured_media":26153,"comment_status":"open","ping_status":"closed","sticky":false,"template":"","format":"standard","meta":{"csco_display_header_overlay":false,"csco_singular_sidebar":"","csco_page_header_type":"","csco_page_load_nextpost":"","csco_post_video_location":[],"csco_post_video_location_hash":"","csco_post_video_url":"","csco_post_video_bg_start_time":0,"csco_post_video_bg_end_time":0,"footnotes":""},"categories":[9670],"tags":[97],"class_list":{"0":"post-26152","1":"post","2":"type-post","3":"status-publish","4":"format-standard","5":"has-post-thumbnail","7":"category-tv","8":"tag-polsat","9":"cs-entry","10":"cs-video-wrap"},"_links":{"self":[{"href":"https:\/\/mediarun.com\/pl\/wp-json\/wp\/v2\/posts\/26152","targetHints":{"allow":["GET"]}}],"collection":[{"href":"https:\/\/mediarun.com\/pl\/wp-json\/wp\/v2\/posts"}],"about":[{"href":"https:\/\/mediarun.com\/pl\/wp-json\/wp\/v2\/types\/post"}],"author":[{"embeddable":true,"href":"https:\/\/mediarun.com\/pl\/wp-json\/wp\/v2\/users\/1"}],"replies":[{"embeddable":true,"href":"https:\/\/mediarun.com\/pl\/wp-json\/wp\/v2\/comments?post=26152"}],"version-history":[{"count":0,"href":"https:\/\/mediarun.com\/pl\/wp-json\/wp\/v2\/posts\/26152\/revisions"}],"wp:featuredmedia":[{"embeddable":true,"href":"https:\/\/mediarun.com\/pl\/wp-json\/wp\/v2\/media\/26153"}],"wp:attachment":[{"href":"https:\/\/mediarun.com\/pl\/wp-json\/wp\/v2\/media?parent=26152"}],"wp:term":[{"taxonomy":"category","embeddable":true,"href":"https:\/\/mediarun.com\/pl\/wp-json\/wp\/v2\/categories?post=26152"},{"taxonomy":"post_tag","embeddable":true,"href":"https:\/\/mediarun.com\/pl\/wp-json\/wp\/v2\/tags?post=26152"}],"curies":[{"name":"wp","href":"https:\/\/api.w.org\/{rel}","templated":true}]}}