{"id":26120,"date":"2010-05-17T11:41:44","date_gmt":"2010-05-17T09:41:44","guid":{"rendered":"https:\/\/mediarun.com\/index.php\/news-posts\/tvp-info-ma-nowego-szefa\/"},"modified":"2010-05-17T11:41:44","modified_gmt":"2010-05-17T09:41:44","slug":"tvp-info-ma-nowego-szefa","status":"publish","type":"post","link":"https:\/\/mediarun.com\/pl\/media\/tv\/tvp-info-ma-nowego-szefa.html","title":{"rendered":"TVP Info ma nowego szefa"},"content":{"rendered":"<p>Od 13 maja br. Snopkiewicz jest dyrektorem biura koordynacji programowej w TVP. Nowy dyrektorem O\u015brodka Program&oacute;w Regionalnych (TVP Info) zosta\u0142 \u0141ukasz Kardas.<\/p>\n<p>Dziennikarze TVP Info stan\u0119li w obronie Jacka Snopkiewicza i skierowali do zarz\u0105du i rady nadzorczej telewizji publicznej list w obronie odwo\u0142anego dyrektora kana\u0142u informacyjnego TVP.<\/p>\n<p>Jacek Snopkiewicz jest z zawodu reporterem, przez ostatnie lata zajmowa\u0142 si\u0119 dramaturgi\u0105 w Teatrze Polskiego Radia. Przez wiele lat kierowa\u0142 Akademi\u0105 Telewizyjn\u0105 TVP, gdzie powsta\u0142y standardy etyczne i gatunkowe dziennikarstwa telewizyjnego i za\u0142o\u017cenia analiz programowych. Kierowa\u0142 komisj\u0105 Karty Ekranowej.  W Telewizji Polskiej by\u0142 te\u017c dyrektorem Centrum Strategii oraz rzecznikiem prasowym za prezesury Roberta Kwiatkowskiego i Jana Dworaka. W 2009 r. zosta\u0142 zast\u0119pc\u0105 szefa Agencji Informacji oraz redaktorem naczelnym TVP Info. Do maja 2010 r. kierowa\u0142 O\u015brodkiem Program&oacute;w Regionalnych (TVP Info).<\/p>\n<p>\u0141ukasz Kardas, nowy dyrektor TVP Info ma 35 lat, z Telewizj\u0105 Polsk\u0105 S.A. zwi\u0105zany od ponad 16 lat. Zaczyna\u0142 jako reporter, dziennikarz i prezenter w Warszawskim O\u015brodku Telewizyjnym. Wieloletni dziennikarz i lektor &#8222;Teleexpresu&#8221;, producent &#8222;Panoramy&#8221;. Z TVP3 zwi\u0105zany od powstania anteny. Od momentu uruchomienia TVP Info g\u0142&oacute;wny producent kana\u0142u, od lutego 2010 r. tak\u017ce zast\u0119pca kierownika Redakcji Serwis&oacute;w Informacyjnych TVP Info<\/p>\n","protected":false},"excerpt":{"rendered":"Jacek Snopkiewicz zosta\u0142 odwo\u0142any ze stanowiska dyrektora TVP Info, jego miejsce zaj\u0105\u0142 \u0141ukasz Kardas.","protected":false},"author":1,"featured_media":26121,"comment_status":"open","ping_status":"closed","sticky":false,"template":"","format":"standard","meta":{"csco_display_header_overlay":false,"csco_singular_sidebar":"","csco_page_header_type":"","csco_page_load_nextpost":"","csco_post_video_location":[],"csco_post_video_location_hash":"","csco_post_video_url":"","csco_post_video_bg_start_time":0,"csco_post_video_bg_end_time":0,"footnotes":""},"categories":[9670],"tags":[1195],"class_list":{"0":"post-26120","1":"post","2":"type-post","3":"status-publish","4":"format-standard","5":"has-post-thumbnail","7":"category-tv","8":"tag-tvp-info","9":"cs-entry","10":"cs-video-wrap"},"_links":{"self":[{"href":"https:\/\/mediarun.com\/pl\/wp-json\/wp\/v2\/posts\/26120","targetHints":{"allow":["GET"]}}],"collection":[{"href":"https:\/\/mediarun.com\/pl\/wp-json\/wp\/v2\/posts"}],"about":[{"href":"https:\/\/mediarun.com\/pl\/wp-json\/wp\/v2\/types\/post"}],"author":[{"embeddable":true,"href":"https:\/\/mediarun.com\/pl\/wp-json\/wp\/v2\/users\/1"}],"replies":[{"embeddable":true,"href":"https:\/\/mediarun.com\/pl\/wp-json\/wp\/v2\/comments?post=26120"}],"version-history":[{"count":0,"href":"https:\/\/mediarun.com\/pl\/wp-json\/wp\/v2\/posts\/26120\/revisions"}],"wp:featuredmedia":[{"embeddable":true,"href":"https:\/\/mediarun.com\/pl\/wp-json\/wp\/v2\/media\/26121"}],"wp:attachment":[{"href":"https:\/\/mediarun.com\/pl\/wp-json\/wp\/v2\/media?parent=26120"}],"wp:term":[{"taxonomy":"category","embeddable":true,"href":"https:\/\/mediarun.com\/pl\/wp-json\/wp\/v2\/categories?post=26120"},{"taxonomy":"post_tag","embeddable":true,"href":"https:\/\/mediarun.com\/pl\/wp-json\/wp\/v2\/tags?post=26120"}],"curies":[{"name":"wp","href":"https:\/\/api.w.org\/{rel}","templated":true}]}}