{"id":25252,"date":"2010-06-28T12:03:32","date_gmt":"2010-06-28T10:03:32","guid":{"rendered":"https:\/\/mediarun.com\/index.php\/news-posts\/ale-kino-promuje-cykl-gender\/"},"modified":"2010-06-28T12:03:32","modified_gmt":"2010-06-28T10:03:32","slug":"ale-kino-promuje-cykl-gender","status":"publish","type":"post","link":"https:\/\/mediarun.com\/pl\/media\/tv\/ale-kino-promuje-cykl-gender.html","title":{"rendered":"Ale kino! promuje cykl Gender"},"content":{"rendered":"<p>Emisj\u0119 ka\u017cdego tytu\u0142u poprzedzi spotkanie z go\u015bciem, prowadzone przez Ann\u0119 Laszuk &#8211; dziennikark\u0119 radia Tok FM. Premiera w ka\u017cdy czwartek, od 1 lipca, po godz. 20.10.<\/p>\n<p>Przegl\u0105d rozpocznie film &#8222;Daleko od nieba&#8221; (&#8222;Far from Heaven&#8221;), kt&oacute;rego akcja osadzona jest w latach 50., w pozornie idealnie pouk\u0142adanym \u015bwiecie ameryka\u0144skiego przedmie\u015bcia. Emisja 1 lipca, po godz. 20.10.<\/p>\n<p>Drugim tytu\u0142em b\u0119dzie kanadyjski przeb&oacute;j &#8222;C.R.A.Z.Y.&#8221; (emisja 8 lipca), opowiadaj\u0105cy o burzliwych latach 60. i 70. &#8211; okresie rewolucji obyczajowej i narodzin pierwszych ruch&oacute;w gejowskich.<\/p>\n<p>Bohaterem cyklu b\u0119dzie te\u017c Patrick &#8222;Kicia&#8221; Braden &#8211; elektryzuj\u0105ca kreacja Cilliana Murphy&#8217;ego w filmie Neila Jordana &#8222;\u015aniadanie na Plutonie&#8221; (&#8222;Breakfast on Pluto&#8221;). Emisja w ale kino! 15 lipca.<\/p>\n<p>Ale kino! zaprosi r&oacute;wnie\u017c na polsk\u0105 premier\u0119 filmu Ye Lou &#8222;Noce wiosennego upojenia&#8221; (&#8222;Spring Fever&#8221;\/&#8221;Chun feng chen ziu de ye wan&#8221;), kt&oacute;ry pokazuje wsp&oacute;\u0142czesne Chiny nieznane europejskiemu widzowi. To ju\u017c nie tylko kraj politycznego zniewolenia, ale te\u017c nocnych klub&oacute;w i drag queens. Emisja 22 lipca.<\/p>\n<p>Cykl zamknie film &#8222;Godziny&#8221; (&#8222;Hours&#8221;) splataj\u0105cy historie trzech kobiet po\u0142\u0105czonych powie\u015bci\u0105 Virginii Woolf &#8222;Pani Dalloway&#8221;. Ka\u017cda z nich \u017cyje w innej epoce i w\u015br&oacute;d innych wzorc&oacute;w obyczajowych, ale wszystkie czuj\u0105 si\u0119 uwi\u0119zione w narzuconej im przez kultur\u0119 roli kobiety. Emisja 29 lipca.<\/p>\n<p>Rozm&oacute;wcami Anny Laszuk, przy okazji kolejnych seans&oacute;w, b\u0119d\u0105 amerykanistka i pisarka Agnieszka Graff, wyk\u0142adowca w O\u015brodku Studi&oacute;w Ameryka\u0144skich Uniwersytetu Warszawskiego &#8211; Tomasz Basiuk, krytyk filmowy i pisarz &#8211; Bartosz \u017burawiecki, cz\u0142onek Helsi\u0144skiej Fundacji Praw Cz\u0142owieka &#8211; Adam Kozie\u0142 oraz poetka, eseistka i wyk\u0142adowczyni UW na wydziale Gender Studies &#8211; Bo\u017cena Keff.<\/p>\n<p>Przegl\u0105d wspiera kampania marketingowa w radiu i w internecie, kt&oacute;ra staruje 28 czerwca i potrwa do 29 lipca. Spoty radiowe b\u0119d\u0105 emitowane na antenie Radia PiN, Chilli Zet oraz Tok FM. Billboardy z materia\u0142em wideo pojawi\u0105 si\u0119 m.in. w serwisach filmowych.<\/p>\n<p>Kampani\u0119 bannerow\u0105 koordynuje agencja konsultingowa Intelligent Decisions Training Company. Kreacje zaprojektowa\u0142 Dzia\u0142 Grafiki Canal+ Cyfrowego.<\/p>\n","protected":false},"excerpt":{"rendered":"W lipcu ale kino! zaprasza na cykl Kino M&oacute;wi: Gender. Stacja poka\u017ce pi\u0119\u0107 g\u0142o\u015bnych film&oacute;w z ostatniej dekady, poruszaj\u0105cych problematyk\u0119 kulturow\u0105 p\u0142ci.","protected":false},"author":1,"featured_media":25253,"comment_status":"open","ping_status":"closed","sticky":false,"template":"","format":"standard","meta":{"csco_display_header_overlay":false,"csco_singular_sidebar":"","csco_page_header_type":"","csco_page_load_nextpost":"","csco_post_video_location":[],"csco_post_video_location_hash":"","csco_post_video_url":"","csco_post_video_bg_start_time":0,"csco_post_video_bg_end_time":0,"footnotes":""},"categories":[9670],"tags":[605],"class_list":{"0":"post-25252","1":"post","2":"type-post","3":"status-publish","4":"format-standard","5":"has-post-thumbnail","7":"category-tv","8":"tag-ale-kino","9":"cs-entry","10":"cs-video-wrap"},"_links":{"self":[{"href":"https:\/\/mediarun.com\/pl\/wp-json\/wp\/v2\/posts\/25252","targetHints":{"allow":["GET"]}}],"collection":[{"href":"https:\/\/mediarun.com\/pl\/wp-json\/wp\/v2\/posts"}],"about":[{"href":"https:\/\/mediarun.com\/pl\/wp-json\/wp\/v2\/types\/post"}],"author":[{"embeddable":true,"href":"https:\/\/mediarun.com\/pl\/wp-json\/wp\/v2\/users\/1"}],"replies":[{"embeddable":true,"href":"https:\/\/mediarun.com\/pl\/wp-json\/wp\/v2\/comments?post=25252"}],"version-history":[{"count":0,"href":"https:\/\/mediarun.com\/pl\/wp-json\/wp\/v2\/posts\/25252\/revisions"}],"wp:featuredmedia":[{"embeddable":true,"href":"https:\/\/mediarun.com\/pl\/wp-json\/wp\/v2\/media\/25253"}],"wp:attachment":[{"href":"https:\/\/mediarun.com\/pl\/wp-json\/wp\/v2\/media?parent=25252"}],"wp:term":[{"taxonomy":"category","embeddable":true,"href":"https:\/\/mediarun.com\/pl\/wp-json\/wp\/v2\/categories?post=25252"},{"taxonomy":"post_tag","embeddable":true,"href":"https:\/\/mediarun.com\/pl\/wp-json\/wp\/v2\/tags?post=25252"}],"curies":[{"name":"wp","href":"https:\/\/api.w.org\/{rel}","templated":true}]}}