{"id":25176,"date":"2010-07-01T13:36:59","date_gmt":"2010-07-01T11:36:59","guid":{"rendered":"https:\/\/mediarun.com\/index.php\/news-posts\/65-mln-widzow-ogladalo-druga-debate\/"},"modified":"2010-07-01T13:36:59","modified_gmt":"2010-07-01T11:36:59","slug":"65-mln-widzow-ogladalo-druga-debate","status":"publish","type":"post","link":"https:\/\/mediarun.com\/pl\/media\/tv\/65-mln-widzow-ogladalo-druga-debate.html","title":{"rendered":"6,5 mln widz\u00f3w ogl\u0105da\u0142o drug\u0105 debat\u0119"},"content":{"rendered":"<p>Wczorajsza debata prezydencka emitowana by\u0142a przez 5 stacji telewizyjnych: TVP1, TVP Info, TV Polonia, Polsat News oraz TVN24. \u0141\u0105cznie w grupie 4 + debat\u0119 ogl\u0105da\u0142o ponad 6,5 mln widz&oacute;w, co da\u0142o prawie 52 proc. udzia\u0142u w rynku widowni.<\/p>\n<p>Spo\u015br&oacute;d stacji emituj\u0105cych debat\u0119 najwi\u0119ksz\u0105 widowni\u0119 zgromadzi\u0142a TVP1 &#8211; 4,5 mln widz&oacute;w, co da\u0142o prawie 36 proc. udzia\u0142u w rynku, a nast\u0119pnie kolejno uplasowa\u0142y si\u0119: TVP Info &#8211; 940 tys. widz&oacute;w (7,5 proc. udzia\u0142u w rynku), TVN24 &#8211; 892 tys. widz&oacute;w (7,1 proc. udzia\u0142u w rynku), Polsat News &#8211; 124 tys. widz&oacute;w (1 proc. udzia\u0142u w rynku) oraz TV Polonia &#8211; 46 tys. widz&oacute;w (0,4 proc. udzia\u0142u w rynku).<\/p>\n<p>Ciekawe jest por&oacute;wnanie wynik&oacute;w ogl\u0105dalno\u015bci wczorajszej debaty do pierwszej debaty pomi\u0119dzy kandydatami na urz\u0105d prezydenta &#8211; obie debaty cieszy\u0142y si\u0119 prawie identyczn\u0105 popularno\u015bci\u0105. Pierwsz\u0105 debat\u0119 ogl\u0105da\u0142o r&oacute;wnie\u017c 6,5 miliona widz&oacute;w. Trzeba jednak pami\u0119ta\u0107, \u017ce pierwsza debata mia\u0142a siln\u0105 konkurencj\u0119 w postaci meczu pi\u0142karskiego Argentyna &#8211; Meksyk, za\u015b w czasie drugiej debaty pi\u0142karze w RPA mieli dzie\u0144 odpoczynku, gdy\u017c mundialowa przerwa w rozgrywkach trwa do pi\u0105tku.<\/p>\n<p>Debata na TVP1 by\u0142a najch\u0119tniej ogl\u0105danym programem w tym pa\u015bmie, na drugim miejscu znalaz\u0142 si\u0119 TVN z widowni\u0105 1,8 mln i udzia\u0142em 14,1 proc., nast\u0119pnie TVP2 z widowni\u0105 1,7 mln i udzia\u0142em 13,2 proc. oraz Polsat z widowni\u0105 1,0 mln i udzia\u0142em 7,8 proc.<\/p>\n<p>Wczorajsz\u0105 debat\u0119 prowadzili: Katarzyna Kolenda-Zaleska z TVN-u, Jaros\u0142aw Guga\u0142a z Polsatu oraz Joanna Lichocka z TVP. Transmisja rozpocz\u0119\u0142a si\u0119 o godz. 20.00 na trzech antenach Telewizji Polskiej (TVP1, TVP Info, TVP Polonia), w TVN24 i Polsat News. Druga debata, podobnie jak pierwsza, podzielona by\u0142a na trzy bloki tematyczne: sprawy spo\u0142eczne, gospodarka oraz polityka zagraniczna wraz z bezpiecze\u0144stwem.<\/p>\n","protected":false},"excerpt":{"rendered":"Druga debata prezydencka Kaczy\u0144ski &#8211; Komorowski nadawana by\u0142a na pi\u0119ciu antenach. \u0141\u0105cznie ogl\u0105da\u0142o j\u0105 ponad 6,5 mln widz&oacute;w.","protected":false},"author":1,"featured_media":25177,"comment_status":"open","ping_status":"closed","sticky":false,"template":"","format":"standard","meta":{"csco_display_header_overlay":false,"csco_singular_sidebar":"","csco_page_header_type":"","csco_page_load_nextpost":"","csco_post_video_location":[],"csco_post_video_location_hash":"","csco_post_video_url":"","csco_post_video_bg_start_time":0,"csco_post_video_bg_end_time":0,"footnotes":""},"categories":[9670],"tags":[1083,673,98,392],"class_list":{"0":"post-25176","1":"post","2":"type-post","3":"status-publish","4":"format-standard","5":"has-post-thumbnail","7":"category-tv","8":"tag-nielsen-audience-measurement","9":"tag-polsat-news","10":"tag-tvn","11":"tag-tvp","12":"cs-entry","13":"cs-video-wrap"},"_links":{"self":[{"href":"https:\/\/mediarun.com\/pl\/wp-json\/wp\/v2\/posts\/25176","targetHints":{"allow":["GET"]}}],"collection":[{"href":"https:\/\/mediarun.com\/pl\/wp-json\/wp\/v2\/posts"}],"about":[{"href":"https:\/\/mediarun.com\/pl\/wp-json\/wp\/v2\/types\/post"}],"author":[{"embeddable":true,"href":"https:\/\/mediarun.com\/pl\/wp-json\/wp\/v2\/users\/1"}],"replies":[{"embeddable":true,"href":"https:\/\/mediarun.com\/pl\/wp-json\/wp\/v2\/comments?post=25176"}],"version-history":[{"count":0,"href":"https:\/\/mediarun.com\/pl\/wp-json\/wp\/v2\/posts\/25176\/revisions"}],"wp:featuredmedia":[{"embeddable":true,"href":"https:\/\/mediarun.com\/pl\/wp-json\/wp\/v2\/media\/25177"}],"wp:attachment":[{"href":"https:\/\/mediarun.com\/pl\/wp-json\/wp\/v2\/media?parent=25176"}],"wp:term":[{"taxonomy":"category","embeddable":true,"href":"https:\/\/mediarun.com\/pl\/wp-json\/wp\/v2\/categories?post=25176"},{"taxonomy":"post_tag","embeddable":true,"href":"https:\/\/mediarun.com\/pl\/wp-json\/wp\/v2\/tags?post=25176"}],"curies":[{"name":"wp","href":"https:\/\/api.w.org\/{rel}","templated":true}]}}