{"id":25018,"date":"2010-07-08T14:14:05","date_gmt":"2010-07-08T12:14:05","guid":{"rendered":"https:\/\/mediarun.com\/index.php\/news-posts\/kolejny-apel-pracownikow-i-dziennikarzy-polskiego-radia\/"},"modified":"2010-07-08T14:14:05","modified_gmt":"2010-07-08T12:14:05","slug":"kolejny-apel-pracownikow-i-dziennikarzy-polskiego-radia","status":"publish","type":"post","link":"https:\/\/mediarun.com\/pl\/media\/radio\/kolejny-apel-pracownikow-i-dziennikarzy-polskiego-radia.html","title":{"rendered":"Kolejny apel pracownik\u00f3w i dziennikarzy Polskiego Radia"},"content":{"rendered":"<p>Zwi\u0105zek Zawodowy Pracownik&oacute;w i Wsp&oacute;\u0142pracownik&oacute;w Program&oacute;w II i III Polskiego Radia, za z\u0142\u0105 sytuacje finansow\u0105 oraz upolitycznienie rozg\u0142o\u015bni obwinia Zarz\u0105d Polskiego Radia. Dziennikarze i pracownicy Polskiego Radia zrzeszeni w zwi\u0105zku apeluj\u0105 o uchwalenie znowelizowanej ustawy medialnej i przyst\u0105pienie do pracy nad projektem mog\u0105cym zabezpieczy\u0107 byt finansowy medi&oacute;w publicznych.<\/p>\n<p>Poni\u017cej prezentujemy tre\u015b\u0107 apelu:<\/p>\n<p>&#8222;Zwracamy si\u0119 z apelem do wszystkich Pos\u0142&oacute;w i Senator&oacute;w RP o podj\u0119cie natychmiastowych dzia\u0142a\u0144, maj\u0105cych na celu powstrzymanie dalszej degradacji medi&oacute;w publicznych, a zw\u0142aszcza Program&oacute;w II i III Polskiego Radia.<\/p>\n<p>Z\u0142e zarz\u0105dzanie maj\u0105tkiem publicznym przez obecne w\u0142adze Polskiego Radia  i celowe ograniczanie \u015brodk&oacute;w na kultur\u0119 doprowadzi\u0142o do zapa\u015bci finansowej Programu II, a proces upolitycznienia Programu III osi\u0105gn\u0105\u0142 poziom niespotykany w historii medi&oacute;w publicznych wolnej Polski.<\/p>\n<p>Zarz\u0105d Polskiego Radia, kt&oacute;ry ponosi ca\u0142kowit\u0105 odpowiedzialno\u015b\u0107 za obecn\u0105 sytuacj\u0119, jest od dawna krytycznie oceniany przez pracownik&oacute;w naszych Program&oacute;w i nie daje r\u0119kojmi uzdrowienia dramatycznej sytuacji.<\/p>\n<p>W poczuciu bezradno\u015bci i wobec nieustaj\u0105cych pr&oacute;b zastraszenia protestuj\u0105cych pracownik&oacute;w obu anten, zwracamy si\u0119 do najwy\u017cszych w\u0142adz Rzeczypospolitej o jak najszybsze uchwalenie znowelizowanej ustawy medialnej i nast\u0119pnie o przyst\u0105pienie do pracy nad projektem, mog\u0105cym trwale zabezpieczy\u0107 byt finansowy i niezale\u017cno\u015b\u0107 medi&oacute;w publicznych.<\/p>\n<p>W imieniu Walnego Zebrania Cz\u0142onk&oacute;w Zwi\u0105zku Zawodowego Pracownik&oacute;w i Wsp&oacute;\u0142pracownik&oacute;w Program&oacute;w II i III Polskiego Radia Zarz\u0105d Zwi\u0105zku: Jerzy Sosnowski &#8211; przewodnicz\u0105cy, Joanna Szwedowska &#8211; sekretarz.&#8221;<\/p>\n<p>6 lipca 2010 roku, Walne Zebranie Cz\u0142onk&oacute;w Zwi\u0105zku Zawodowego Dziennikarzy i Pracownik&oacute;w Programu III Polskiego Radia, w zwi\u0105zku z przyst\u0105pieniem do zwi\u0105zku kilkudziesi\u0119ciu nowych cz\u0142onk&oacute;w z Programu II Polskiego Radia podj\u0119\u0142o decyzj\u0119 o zmianie nazwy na Zwi\u0105zek Zawodowy Pracownik&oacute;w i Wsp&oacute;\u0142pracownik&oacute;w Program&oacute;w II i III Polskiego Radia oraz dokona\u0142o wyboru 6 cz\u0142onka zarz\u0105du zwi\u0105zku, kt&oacute;rym zosta\u0142a Joanna Grotkowska z radiowej Dw&oacute;jki.<\/p>\n","protected":false},"excerpt":{"rendered":"Dziennikarze i pracownicy Polskiego Radia zaapelowali do Pos\u0142&oacute;w i Senator&oacute;w RP o uchwalenie ustawy medialnej, kt&oacute;ra powstrzyma dalsz\u0105 degradacj\u0119 medi&oacute;w publicznych.","protected":false},"author":1,"featured_media":25019,"comment_status":"open","ping_status":"closed","sticky":false,"template":"","format":"standard","meta":{"csco_display_header_overlay":false,"csco_singular_sidebar":"","csco_page_header_type":"","csco_page_load_nextpost":"","csco_post_video_location":[],"csco_post_video_location_hash":"","csco_post_video_url":"","csco_post_video_bg_start_time":0,"csco_post_video_bg_end_time":0,"footnotes":""},"categories":[9672],"tags":[405],"class_list":{"0":"post-25018","1":"post","2":"type-post","3":"status-publish","4":"format-standard","5":"has-post-thumbnail","7":"category-radio","8":"tag-polskie-radio","9":"cs-entry","10":"cs-video-wrap"},"_links":{"self":[{"href":"https:\/\/mediarun.com\/pl\/wp-json\/wp\/v2\/posts\/25018","targetHints":{"allow":["GET"]}}],"collection":[{"href":"https:\/\/mediarun.com\/pl\/wp-json\/wp\/v2\/posts"}],"about":[{"href":"https:\/\/mediarun.com\/pl\/wp-json\/wp\/v2\/types\/post"}],"author":[{"embeddable":true,"href":"https:\/\/mediarun.com\/pl\/wp-json\/wp\/v2\/users\/1"}],"replies":[{"embeddable":true,"href":"https:\/\/mediarun.com\/pl\/wp-json\/wp\/v2\/comments?post=25018"}],"version-history":[{"count":0,"href":"https:\/\/mediarun.com\/pl\/wp-json\/wp\/v2\/posts\/25018\/revisions"}],"wp:featuredmedia":[{"embeddable":true,"href":"https:\/\/mediarun.com\/pl\/wp-json\/wp\/v2\/media\/25019"}],"wp:attachment":[{"href":"https:\/\/mediarun.com\/pl\/wp-json\/wp\/v2\/media?parent=25018"}],"wp:term":[{"taxonomy":"category","embeddable":true,"href":"https:\/\/mediarun.com\/pl\/wp-json\/wp\/v2\/categories?post=25018"},{"taxonomy":"post_tag","embeddable":true,"href":"https:\/\/mediarun.com\/pl\/wp-json\/wp\/v2\/tags?post=25018"}],"curies":[{"name":"wp","href":"https:\/\/api.w.org\/{rel}","templated":true}]}}